{"id":109858,"date":"2022-08-18T15:37:09","date_gmt":"2022-08-18T18:37:09","guid":{"rendered":"https:\/\/eldiariodesanpedro.com.ar\/sitio\/?p=109858"},"modified":"2022-08-18T15:37:10","modified_gmt":"2022-08-18T18:37:10","slug":"un-ciudadano-aprehendido-por-provocar-danos-en-la-pared-de-su-vecina","status":"publish","type":"post","link":"https:\/\/eldiariodesanpedro.com.ar\/sitio\/un-ciudadano-aprehendido-por-provocar-danos-en-la-pared-de-su-vecina\/","title":{"rendered":"Un ciudadano aprehendido por provocar da\u00f1os en la pared de su vecina"},"content":{"rendered":"<!-- VideographyWP Plugin Message: Automatic video embedding prevented by plugin options. -->\n\n<p>En el d\u00eda de ayer, alrededor de las 14 horas, el personal policial de la comisaria local se hace presente en calle Bozzano al 1700 en la v\u00eda p\u00fablica, aprehende a un ciudadano de 32 a\u00f1os de edad, quien instantes previos provoca da\u00f1o en la pared lindante, propiedad de una mujer de 50 a\u00f1os, quien acusa de conflictos con \u00e9ste masculino con anterioridad el cual posee problemas por consumo de drogas y alcohol.<\/p>\n\n\n\n<p>Interviene UFI 05 local.<\/p>\n","protected":false},"excerpt":{"rendered":"<p>En el d\u00eda de ayer, alrededor de las 14 horas, el personal policial de la comisaria local se hace presente en calle Bozzano al 1700 en la v\u00eda p\u00fablica, aprehende a un ciudadano de 32 a\u00f1os de edad, quien instantes previos provoca da\u00f1o en la pared lindante, propiedad de una mujer de 50 a\u00f1os, quien [&hellip;]<\/p>\n","protected":false},"author":4,"featured_media":109859,"comment_status":"closed","ping_status":"closed","sticky":false,"template":"","format":"standard","meta":{"om_disable_all_campaigns":false,"_jetpack_memberships_contains_paid_content":false,"footnotes":""},"categories":[2,103],"tags":[197,33,95,19,2977],"class_list":["post-109858","post","type-post","status-publish","format-standard","has-post-thumbnail","hentry","category-locales","category-policiales-locales","tag-buenos-aires","tag-locales","tag-policiales","tag-san-pedro","tag-un-ciudadano-aprehendido-por-provocar-danos-en-la-pared-de-su-vecina"],"aioseo_notices":[],"gutentor_comment":0,"jetpack_featured_media_url":"https:\/\/eldiariodesanpedro.com.ar\/sitio\/wp-content\/uploads\/2022\/08\/3.png","jetpack_shortlink":"https:\/\/wp.me\/p6RhLt-szU","jetpack_sharing_enabled":true,"_links":{"self":[{"href":"https:\/\/eldiariodesanpedro.com.ar\/sitio\/wp-json\/wp\/v2\/posts\/109858","targetHints":{"allow":["GET"]}}],"collection":[{"href":"https:\/\/eldiariodesanpedro.com.ar\/sitio\/wp-json\/wp\/v2\/posts"}],"about":[{"href":"https:\/\/eldiariodesanpedro.com.ar\/sitio\/wp-json\/wp\/v2\/types\/post"}],"author":[{"embeddable":true,"href":"https:\/\/eldiariodesanpedro.com.ar\/sitio\/wp-json\/wp\/v2\/users\/4"}],"replies":[{"embeddable":true,"href":"https:\/\/eldiariodesanpedro.com.ar\/sitio\/wp-json\/wp\/v2\/comments?post=109858"}],"version-history":[{"count":1,"href":"https:\/\/eldiariodesanpedro.com.ar\/sitio\/wp-json\/wp\/v2\/posts\/109858\/revisions"}],"predecessor-version":[{"id":109860,"href":"https:\/\/eldiariodesanpedro.com.ar\/sitio\/wp-json\/wp\/v2\/posts\/109858\/revisions\/109860"}],"wp:featuredmedia":[{"embeddable":true,"href":"https:\/\/eldiariodesanpedro.com.ar\/sitio\/wp-json\/wp\/v2\/media\/109859"}],"wp:attachment":[{"href":"https:\/\/eldiariodesanpedro.com.ar\/sitio\/wp-json\/wp\/v2\/media?parent=109858"}],"wp:term":[{"taxonomy":"category","embeddable":true,"href":"https:\/\/eldiariodesanpedro.com.ar\/sitio\/wp-json\/wp\/v2\/categories?post=109858"},{"taxonomy":"post_tag","embeddable":true,"href":"https:\/\/eldiariodesanpedro.com.ar\/sitio\/wp-json\/wp\/v2\/tags?post=109858"}],"curies":[{"name":"wp","href":"https:\/\/api.w.org\/{rel}","templated":true}]}}