{"id":109854,"date":"2022-08-18T15:31:48","date_gmt":"2022-08-18T18:31:48","guid":{"rendered":"https:\/\/eldiariodesanpedro.com.ar\/sitio\/?p=109854"},"modified":"2022-08-18T15:31:49","modified_gmt":"2022-08-18T18:31:49","slug":"joven-aprehendido-en-la-via-publica-con-una-navaja","status":"publish","type":"post","link":"https:\/\/eldiariodesanpedro.com.ar\/sitio\/joven-aprehendido-en-la-via-publica-con-una-navaja\/","title":{"rendered":"Joven aprehendido en la v\u00eda p\u00fablica con una navaja"},"content":{"rendered":"<!-- VideographyWP Plugin Message: Automatic video embedding prevented by plugin options. -->\n\n<p>En el d\u00eda de ayer mi\u00e9rcoles, alrededor de las 13 horas, el personal policial se hace presente en calle Auli y Bottaro, procede a la aprehensi\u00f3n de un joven ciudadano de 22 a\u00f1os de edad y al secuestro de un cuchillo tipo navaja de marca Tramontina de un largo total de 18 cent\u00edmetros de entre sus prendas de vestir.&nbsp;<\/p>\n\n\n\n<p>Interviene Juzgado de Paz Letrado San Pedro.<\/p>\n\n\n\n<figure class=\"wp-block-image size-full\"><img decoding=\"async\" width=\"632\" height=\"630\" data-attachment-id=\"109856\" data-permalink=\"https:\/\/eldiariodesanpedro.com.ar\/sitio\/joven-aprehendido-en-la-via-publica-con-una-navaja\/2-116\/\" data-orig-file=\"https:\/\/eldiariodesanpedro.com.ar\/sitio\/wp-content\/uploads\/2022\/08\/2.png\" data-orig-size=\"632,630\" data-comments-opened=\"0\" data-image-meta=\"{&quot;aperture&quot;:&quot;0&quot;,&quot;credit&quot;:&quot;&quot;,&quot;camera&quot;:&quot;&quot;,&quot;caption&quot;:&quot;&quot;,&quot;created_timestamp&quot;:&quot;0&quot;,&quot;copyright&quot;:&quot;&quot;,&quot;focal_length&quot;:&quot;0&quot;,&quot;iso&quot;:&quot;0&quot;,&quot;shutter_speed&quot;:&quot;0&quot;,&quot;title&quot;:&quot;&quot;,&quot;orientation&quot;:&quot;0&quot;}\" data-image-title=\"2\" data-image-description=\"\" data-image-caption=\"\" data-large-file=\"https:\/\/eldiariodesanpedro.com.ar\/sitio\/wp-content\/uploads\/2022\/08\/2.png\" data-src=\"https:\/\/eldiariodesanpedro.com.ar\/sitio\/wp-content\/uploads\/2022\/08\/2.png\" alt=\"\" class=\"wp-image-109856 lazyload\" data-srcset=\"https:\/\/eldiariodesanpedro.com.ar\/sitio\/wp-content\/uploads\/2022\/08\/2.png 632w, https:\/\/eldiariodesanpedro.com.ar\/sitio\/wp-content\/uploads\/2022\/08\/2-300x300.png 300w, https:\/\/eldiariodesanpedro.com.ar\/sitio\/wp-content\/uploads\/2022\/08\/2-150x150.png 150w\" data-sizes=\"(max-width: 632px) 100vw, 632px\" src=\"data:image\/svg+xml;base64,PHN2ZyB3aWR0aD0iMSIgaGVpZ2h0PSIxIiB4bWxucz0iaHR0cDovL3d3dy53My5vcmcvMjAwMC9zdmciPjwvc3ZnPg==\" style=\"--smush-placeholder-width: 632px; --smush-placeholder-aspect-ratio: 632\/630;\" \/><\/figure>\n","protected":false},"excerpt":{"rendered":"<p>En el d\u00eda de ayer mi\u00e9rcoles, alrededor de las 13 horas, el personal policial se hace presente en calle Auli y Bottaro, procede a la aprehensi\u00f3n de un joven ciudadano de 22 a\u00f1os de edad y al secuestro de un cuchillo tipo navaja de marca Tramontina de un largo total de 18 cent\u00edmetros de entre [&hellip;]<\/p>\n","protected":false},"author":4,"featured_media":109855,"comment_status":"closed","ping_status":"closed","sticky":false,"template":"","format":"standard","meta":{"om_disable_all_campaigns":false,"_jetpack_memberships_contains_paid_content":false,"footnotes":""},"categories":[2,103],"tags":[197,33,95,19],"class_list":["post-109854","post","type-post","status-publish","format-standard","has-post-thumbnail","hentry","category-locales","category-policiales-locales","tag-buenos-aires","tag-locales","tag-policiales","tag-san-pedro"],"aioseo_notices":[],"gutentor_comment":0,"jetpack_featured_media_url":"https:\/\/eldiariodesanpedro.com.ar\/sitio\/wp-content\/uploads\/2022\/08\/1.png","jetpack_shortlink":"https:\/\/wp.me\/p6RhLt-szQ","jetpack_sharing_enabled":true,"_links":{"self":[{"href":"https:\/\/eldiariodesanpedro.com.ar\/sitio\/wp-json\/wp\/v2\/posts\/109854","targetHints":{"allow":["GET"]}}],"collection":[{"href":"https:\/\/eldiariodesanpedro.com.ar\/sitio\/wp-json\/wp\/v2\/posts"}],"about":[{"href":"https:\/\/eldiariodesanpedro.com.ar\/sitio\/wp-json\/wp\/v2\/types\/post"}],"author":[{"embeddable":true,"href":"https:\/\/eldiariodesanpedro.com.ar\/sitio\/wp-json\/wp\/v2\/users\/4"}],"replies":[{"embeddable":true,"href":"https:\/\/eldiariodesanpedro.com.ar\/sitio\/wp-json\/wp\/v2\/comments?post=109854"}],"version-history":[{"count":1,"href":"https:\/\/eldiariodesanpedro.com.ar\/sitio\/wp-json\/wp\/v2\/posts\/109854\/revisions"}],"predecessor-version":[{"id":109857,"href":"https:\/\/eldiariodesanpedro.com.ar\/sitio\/wp-json\/wp\/v2\/posts\/109854\/revisions\/109857"}],"wp:featuredmedia":[{"embeddable":true,"href":"https:\/\/eldiariodesanpedro.com.ar\/sitio\/wp-json\/wp\/v2\/media\/109855"}],"wp:attachment":[{"href":"https:\/\/eldiariodesanpedro.com.ar\/sitio\/wp-json\/wp\/v2\/media?parent=109854"}],"wp:term":[{"taxonomy":"category","embeddable":true,"href":"https:\/\/eldiariodesanpedro.com.ar\/sitio\/wp-json\/wp\/v2\/categories?post=109854"},{"taxonomy":"post_tag","embeddable":true,"href":"https:\/\/eldiariodesanpedro.com.ar\/sitio\/wp-json\/wp\/v2\/tags?post=109854"}],"curies":[{"name":"wp","href":"https:\/\/api.w.org\/{rel}","templated":true}]}}