{"id":109850,"date":"2022-08-18T15:11:46","date_gmt":"2022-08-18T18:11:46","guid":{"rendered":"https:\/\/eldiariodesanpedro.com.ar\/sitio\/?p=109850"},"modified":"2022-08-18T15:11:47","modified_gmt":"2022-08-18T18:11:47","slug":"dia-de-las-infancias-en-el-paseo-publico","status":"publish","type":"post","link":"https:\/\/eldiariodesanpedro.com.ar\/sitio\/dia-de-las-infancias-en-el-paseo-publico\/","title":{"rendered":"D\u00eda de las infancias en el Paseo P\u00fablico"},"content":{"rendered":"<!-- VideographyWP Plugin Message: Automatic video embedding prevented by plugin options. -->\n\n<p>La Municipalidad de San Pedro invita a participar de la celebraci\u00f3n por el d\u00eda de las infancias que se desarrollar\u00e1 este s\u00e1bado 20 de agosto entre las 15 y las 18 hs. en el Paseo P\u00fablico Municipal.<\/p>\n\n\n\n<p>Durante la jornada se presentar\u00e1 un espect\u00e1culo infantil de animaci\u00f3n, canto, baile y juegos a cargo de \u201cZancu-Plim\u201d con la presencia del payaso Pilin y sus amigos, un show de magia a cargo de Marcelo Bosch, actividades deportivas en las que se ofrecer\u00e1n diferentes postas donde se practicar\u00e1n los deportes que componen los programas \u201cAnimate vos vales\u201d y \u201cEscuelas Deportivas Municipales\u201d, rutinas de clowns, actividades coordinadas por Bomberos Voluntarios, stands para fotograf\u00edas, peloteros e inflables. Adem\u00e1s, se entregar\u00e1n bolsitas de golosinas y se compartir\u00e1 una merienda.<\/p>\n\n\n\n<figure class=\"wp-block-image size-full\"><img decoding=\"async\" width=\"420\" height=\"630\" data-attachment-id=\"109851\" data-permalink=\"https:\/\/eldiariodesanpedro.com.ar\/sitio\/dia-de-las-infancias-en-el-paseo-publico\/whatsapp-image-2022-08-18-at-2-13-20-pm\/\" data-orig-file=\"https:\/\/eldiariodesanpedro.com.ar\/sitio\/wp-content\/uploads\/2022\/08\/WhatsApp-Image-2022-08-18-at-2.13.20-PM.jpeg\" data-orig-size=\"420,630\" data-comments-opened=\"0\" data-image-meta=\"{&quot;aperture&quot;:&quot;0&quot;,&quot;credit&quot;:&quot;&quot;,&quot;camera&quot;:&quot;&quot;,&quot;caption&quot;:&quot;&quot;,&quot;created_timestamp&quot;:&quot;0&quot;,&quot;copyright&quot;:&quot;&quot;,&quot;focal_length&quot;:&quot;0&quot;,&quot;iso&quot;:&quot;0&quot;,&quot;shutter_speed&quot;:&quot;0&quot;,&quot;title&quot;:&quot;&quot;,&quot;orientation&quot;:&quot;0&quot;}\" data-image-title=\"WhatsApp-Image-2022-08-18-at-2.13.20-PM\" data-image-description=\"\" data-image-caption=\"\" data-large-file=\"https:\/\/eldiariodesanpedro.com.ar\/sitio\/wp-content\/uploads\/2022\/08\/WhatsApp-Image-2022-08-18-at-2.13.20-PM.jpeg\" data-src=\"https:\/\/eldiariodesanpedro.com.ar\/sitio\/wp-content\/uploads\/2022\/08\/WhatsApp-Image-2022-08-18-at-2.13.20-PM.jpeg\" alt=\"\" class=\"wp-image-109851 lazyload\" data-srcset=\"https:\/\/eldiariodesanpedro.com.ar\/sitio\/wp-content\/uploads\/2022\/08\/WhatsApp-Image-2022-08-18-at-2.13.20-PM.jpeg 420w, https:\/\/eldiariodesanpedro.com.ar\/sitio\/wp-content\/uploads\/2022\/08\/WhatsApp-Image-2022-08-18-at-2.13.20-PM-200x300.jpeg 200w, https:\/\/eldiariodesanpedro.com.ar\/sitio\/wp-content\/uploads\/2022\/08\/WhatsApp-Image-2022-08-18-at-2.13.20-PM-400x600.jpeg 400w\" data-sizes=\"(max-width: 420px) 100vw, 420px\" src=\"data:image\/svg+xml;base64,PHN2ZyB3aWR0aD0iMSIgaGVpZ2h0PSIxIiB4bWxucz0iaHR0cDovL3d3dy53My5vcmcvMjAwMC9zdmciPjwvc3ZnPg==\" style=\"--smush-placeholder-width: 420px; --smush-placeholder-aspect-ratio: 420\/630;\" \/><\/figure>\n","protected":false},"excerpt":{"rendered":"<p>La Municipalidad de San Pedro invita a participar de la celebraci\u00f3n por el d\u00eda de las infancias que se desarrollar\u00e1 este s\u00e1bado 20 de agosto entre las 15 y las 18 hs. en el Paseo P\u00fablico Municipal. Durante la jornada se presentar\u00e1 un espect\u00e1culo infantil de animaci\u00f3n, canto, baile y juegos a cargo de \u201cZancu-Plim\u201d [&hellip;]<\/p>\n","protected":false},"author":4,"featured_media":109852,"comment_status":"closed","ping_status":"closed","sticky":false,"template":"","format":"standard","meta":{"om_disable_all_campaigns":false,"_jetpack_memberships_contains_paid_content":false,"footnotes":""},"categories":[101,2],"tags":[],"class_list":["post-109850","post","type-post","status-publish","format-standard","has-post-thumbnail","hentry","category-interes-general-locales","category-locales"],"aioseo_notices":[],"gutentor_comment":0,"jetpack_featured_media_url":"https:\/\/eldiariodesanpedro.com.ar\/sitio\/wp-content\/uploads\/2022\/08\/Sin-titulo-5.png","jetpack_shortlink":"https:\/\/wp.me\/p6RhLt-szM","jetpack_sharing_enabled":true,"_links":{"self":[{"href":"https:\/\/eldiariodesanpedro.com.ar\/sitio\/wp-json\/wp\/v2\/posts\/109850","targetHints":{"allow":["GET"]}}],"collection":[{"href":"https:\/\/eldiariodesanpedro.com.ar\/sitio\/wp-json\/wp\/v2\/posts"}],"about":[{"href":"https:\/\/eldiariodesanpedro.com.ar\/sitio\/wp-json\/wp\/v2\/types\/post"}],"author":[{"embeddable":true,"href":"https:\/\/eldiariodesanpedro.com.ar\/sitio\/wp-json\/wp\/v2\/users\/4"}],"replies":[{"embeddable":true,"href":"https:\/\/eldiariodesanpedro.com.ar\/sitio\/wp-json\/wp\/v2\/comments?post=109850"}],"version-history":[{"count":1,"href":"https:\/\/eldiariodesanpedro.com.ar\/sitio\/wp-json\/wp\/v2\/posts\/109850\/revisions"}],"predecessor-version":[{"id":109853,"href":"https:\/\/eldiariodesanpedro.com.ar\/sitio\/wp-json\/wp\/v2\/posts\/109850\/revisions\/109853"}],"wp:featuredmedia":[{"embeddable":true,"href":"https:\/\/eldiariodesanpedro.com.ar\/sitio\/wp-json\/wp\/v2\/media\/109852"}],"wp:attachment":[{"href":"https:\/\/eldiariodesanpedro.com.ar\/sitio\/wp-json\/wp\/v2\/media?parent=109850"}],"wp:term":[{"taxonomy":"category","embeddable":true,"href":"https:\/\/eldiariodesanpedro.com.ar\/sitio\/wp-json\/wp\/v2\/categories?post=109850"},{"taxonomy":"post_tag","embeddable":true,"href":"https:\/\/eldiariodesanpedro.com.ar\/sitio\/wp-json\/wp\/v2\/tags?post=109850"}],"curies":[{"name":"wp","href":"https:\/\/api.w.org\/{rel}","templated":true}]}}