{"id":109847,"date":"2022-08-18T15:07:22","date_gmt":"2022-08-18T18:07:22","guid":{"rendered":"https:\/\/eldiariodesanpedro.com.ar\/sitio\/?p=109847"},"modified":"2022-08-18T15:07:23","modified_gmt":"2022-08-18T18:07:23","slug":"entrega-de-golosinas-en-los-centros-de-educacion-complementarios","status":"publish","type":"post","link":"https:\/\/eldiariodesanpedro.com.ar\/sitio\/entrega-de-golosinas-en-los-centros-de-educacion-complementarios\/","title":{"rendered":"Entrega de golosinas en los Centros de Educaci\u00f3n Complementarios"},"content":{"rendered":"<!-- VideographyWP Plugin Message: Automatic video embedding prevented by plugin options. -->\n\n<p>En el marco del d\u00eda de las infancias, la Secretar\u00eda de Desarrollo Humano de la Municipalidad de San Pedro realiz\u00f3 la entrega de golosinas para destinar a los Centros de Educaci\u00f3n Complementarios.<\/p>\n\n\n\n<p>La entrega fue realizada por el Secretario del \u00e1rea, Walter S\u00e1nchez junto a la Directora de Educaci\u00f3n Mariana Toscanini y fue recibido por la Inspectora de Psicolog\u00eda Mara Orue junto a los equipos de los CEC 801, 802, 803, 804 y 805 en donde se distribuir\u00e1n unas 800 golosinas.<\/p>\n","protected":false},"excerpt":{"rendered":"<p>En el marco del d\u00eda de las infancias, la Secretar\u00eda de Desarrollo Humano de la Municipalidad de San Pedro realiz\u00f3 la entrega de golosinas para destinar a los Centros de Educaci\u00f3n Complementarios. La entrega fue realizada por el Secretario del \u00e1rea, Walter S\u00e1nchez junto a la Directora de Educaci\u00f3n Mariana Toscanini y fue recibido por [&hellip;]<\/p>\n","protected":false},"author":4,"featured_media":109848,"comment_status":"closed","ping_status":"closed","sticky":false,"template":"","format":"standard","meta":{"om_disable_all_campaigns":false,"_jetpack_memberships_contains_paid_content":false,"footnotes":""},"categories":[101,2],"tags":[197,696,33,19],"class_list":["post-109847","post","type-post","status-publish","format-standard","has-post-thumbnail","hentry","category-interes-general-locales","category-locales","tag-buenos-aires","tag-interes-general","tag-locales","tag-san-pedro"],"aioseo_notices":[],"gutentor_comment":0,"jetpack_featured_media_url":"https:\/\/eldiariodesanpedro.com.ar\/sitio\/wp-content\/uploads\/2022\/08\/Sin-titulo-4.png","jetpack_shortlink":"https:\/\/wp.me\/p6RhLt-szJ","jetpack_sharing_enabled":true,"_links":{"self":[{"href":"https:\/\/eldiariodesanpedro.com.ar\/sitio\/wp-json\/wp\/v2\/posts\/109847","targetHints":{"allow":["GET"]}}],"collection":[{"href":"https:\/\/eldiariodesanpedro.com.ar\/sitio\/wp-json\/wp\/v2\/posts"}],"about":[{"href":"https:\/\/eldiariodesanpedro.com.ar\/sitio\/wp-json\/wp\/v2\/types\/post"}],"author":[{"embeddable":true,"href":"https:\/\/eldiariodesanpedro.com.ar\/sitio\/wp-json\/wp\/v2\/users\/4"}],"replies":[{"embeddable":true,"href":"https:\/\/eldiariodesanpedro.com.ar\/sitio\/wp-json\/wp\/v2\/comments?post=109847"}],"version-history":[{"count":1,"href":"https:\/\/eldiariodesanpedro.com.ar\/sitio\/wp-json\/wp\/v2\/posts\/109847\/revisions"}],"predecessor-version":[{"id":109849,"href":"https:\/\/eldiariodesanpedro.com.ar\/sitio\/wp-json\/wp\/v2\/posts\/109847\/revisions\/109849"}],"wp:featuredmedia":[{"embeddable":true,"href":"https:\/\/eldiariodesanpedro.com.ar\/sitio\/wp-json\/wp\/v2\/media\/109848"}],"wp:attachment":[{"href":"https:\/\/eldiariodesanpedro.com.ar\/sitio\/wp-json\/wp\/v2\/media?parent=109847"}],"wp:term":[{"taxonomy":"category","embeddable":true,"href":"https:\/\/eldiariodesanpedro.com.ar\/sitio\/wp-json\/wp\/v2\/categories?post=109847"},{"taxonomy":"post_tag","embeddable":true,"href":"https:\/\/eldiariodesanpedro.com.ar\/sitio\/wp-json\/wp\/v2\/tags?post=109847"}],"curies":[{"name":"wp","href":"https:\/\/api.w.org\/{rel}","templated":true}]}}