{"id":109841,"date":"2022-08-18T15:03:33","date_gmt":"2022-08-18T18:03:33","guid":{"rendered":"https:\/\/eldiariodesanpedro.com.ar\/sitio\/?p=109841"},"modified":"2022-08-18T15:03:34","modified_gmt":"2022-08-18T18:03:34","slug":"el-equipo-de-salud-en-la-jornada-del-consejo-regional-encabezada-por-el-ministro-kreplak","status":"publish","type":"post","link":"https:\/\/eldiariodesanpedro.com.ar\/sitio\/el-equipo-de-salud-en-la-jornada-del-consejo-regional-encabezada-por-el-ministro-kreplak\/","title":{"rendered":"El equipo de salud en la jornada del Consejo Regional encabezada por el Ministro Kreplak"},"content":{"rendered":"<!-- VideographyWP Plugin Message: Automatic video embedding prevented by plugin options. -->\n\n<p>En el Complejo de Luz y Fuerza de Baradero, se concret\u00f3 ayer mi\u00e9rcoles 17 de agosto una reuni\u00f3n del Consejo Regional de Salud que cont\u00f3 con la participaci\u00f3n del Ministro de Salud de la Provincia Nicol\u00e1s Kreplak, representantes de la Regi\u00f3n Sanitaria y los equipos de salud de toda la zona. Desde San Pedro concurrieron el Secretario de Salud, Dr. Pablo Piquioni, el Subsecretario Dr. Gabriel Sayago y el Director del Hospital Dr. Daniel Creus, adem\u00e1s de representantes de las diferentes \u00e1reas que forman parte del equipo municipal.<\/p>\n\n\n\n<p>Asistieron referentes locales del Plan Qunita, Ley de los 1000 d\u00edas y equipo de gesti\u00f3n de historia cl\u00ednica electr\u00f3nica entre otras y adem\u00e1s se realiz\u00f3 una reuni\u00f3n general previa al Pre Encuentro Nacional de Salud, que permitir\u00e1 fortalecer a\u00fan m\u00e1s nuestro sistema sanitario.<\/p>\n\n\n\n<p>Durante toda la jornada se plantearon diferentes mesas de trabajo y desde la Secretar\u00eda de Salud de la Municipalidad se entregaron al Ministro y su equipo diferentes iniciativas sobre las que se viene trabajando y que est\u00e1n orientadas a un abordaje integral de la prevenci\u00f3n de la salud y del seguimiento de diferentes variables que contribuyen a una mejor atenci\u00f3n de toda la comunidad.<\/p>\n\n\n\n<p>El Ministro Kreplak estuvo acompa\u00f1ado por la viceministra Alexia Navarro y colaboradores con los que se mantiene un estrecho v\u00ednculo para consolidar todas las acciones de diagn\u00f3stico y planificaci\u00f3n sanitaria que vienen siendo impulsadas desde la Secretar\u00eda.<\/p>\n\n\n\n<figure class=\"wp-block-image size-full\"><img decoding=\"async\" width=\"840\" height=\"630\" data-attachment-id=\"109843\" data-permalink=\"https:\/\/eldiariodesanpedro.com.ar\/sitio\/el-equipo-de-salud-en-la-jornada-del-consejo-regional-encabezada-por-el-ministro-kreplak\/whatsapp-image-2022-08-18-at-9-05-40-am-1\/\" data-orig-file=\"https:\/\/eldiariodesanpedro.com.ar\/sitio\/wp-content\/uploads\/2022\/08\/WhatsApp-Image-2022-08-18-at-9.05.40-AM-1.jpeg\" data-orig-size=\"840,630\" data-comments-opened=\"0\" data-image-meta=\"{&quot;aperture&quot;:&quot;0&quot;,&quot;credit&quot;:&quot;&quot;,&quot;camera&quot;:&quot;&quot;,&quot;caption&quot;:&quot;&quot;,&quot;created_timestamp&quot;:&quot;0&quot;,&quot;copyright&quot;:&quot;&quot;,&quot;focal_length&quot;:&quot;0&quot;,&quot;iso&quot;:&quot;0&quot;,&quot;shutter_speed&quot;:&quot;0&quot;,&quot;title&quot;:&quot;&quot;,&quot;orientation&quot;:&quot;0&quot;}\" data-image-title=\"WhatsApp Image 2022-08-18 at 9.05.40 AM (1)\" data-image-description=\"\" data-image-caption=\"\" data-large-file=\"https:\/\/eldiariodesanpedro.com.ar\/sitio\/wp-content\/uploads\/2022\/08\/WhatsApp-Image-2022-08-18-at-9.05.40-AM-1.jpeg\" data-src=\"https:\/\/eldiariodesanpedro.com.ar\/sitio\/wp-content\/uploads\/2022\/08\/WhatsApp-Image-2022-08-18-at-9.05.40-AM-1.jpeg\" alt=\"\" class=\"wp-image-109843 lazyload\" data-srcset=\"https:\/\/eldiariodesanpedro.com.ar\/sitio\/wp-content\/uploads\/2022\/08\/WhatsApp-Image-2022-08-18-at-9.05.40-AM-1.jpeg 840w, https:\/\/eldiariodesanpedro.com.ar\/sitio\/wp-content\/uploads\/2022\/08\/WhatsApp-Image-2022-08-18-at-9.05.40-AM-1-300x225.jpeg 300w, https:\/\/eldiariodesanpedro.com.ar\/sitio\/wp-content\/uploads\/2022\/08\/WhatsApp-Image-2022-08-18-at-9.05.40-AM-1-768x576.jpeg 768w, https:\/\/eldiariodesanpedro.com.ar\/sitio\/wp-content\/uploads\/2022\/08\/WhatsApp-Image-2022-08-18-at-9.05.40-AM-1-272x204.jpeg 272w\" data-sizes=\"(max-width: 840px) 100vw, 840px\" src=\"data:image\/svg+xml;base64,PHN2ZyB3aWR0aD0iMSIgaGVpZ2h0PSIxIiB4bWxucz0iaHR0cDovL3d3dy53My5vcmcvMjAwMC9zdmciPjwvc3ZnPg==\" style=\"--smush-placeholder-width: 840px; --smush-placeholder-aspect-ratio: 840\/630;\" \/><\/figure>\n\n\n\n<figure class=\"wp-block-image size-full\"><img decoding=\"async\" width=\"630\" height=\"630\" data-attachment-id=\"109845\" data-permalink=\"https:\/\/eldiariodesanpedro.com.ar\/sitio\/el-equipo-de-salud-en-la-jornada-del-consejo-regional-encabezada-por-el-ministro-kreplak\/whatsapp-image-2022-08-18-at-9-05-42-am-1\/\" data-orig-file=\"https:\/\/eldiariodesanpedro.com.ar\/sitio\/wp-content\/uploads\/2022\/08\/WhatsApp-Image-2022-08-18-at-9.05.42-AM-1.jpeg\" data-orig-size=\"630,630\" data-comments-opened=\"0\" data-image-meta=\"{&quot;aperture&quot;:&quot;0&quot;,&quot;credit&quot;:&quot;&quot;,&quot;camera&quot;:&quot;&quot;,&quot;caption&quot;:&quot;&quot;,&quot;created_timestamp&quot;:&quot;0&quot;,&quot;copyright&quot;:&quot;&quot;,&quot;focal_length&quot;:&quot;0&quot;,&quot;iso&quot;:&quot;0&quot;,&quot;shutter_speed&quot;:&quot;0&quot;,&quot;title&quot;:&quot;&quot;,&quot;orientation&quot;:&quot;0&quot;}\" data-image-title=\"WhatsApp Image 2022-08-18 at 9.05.42 AM (1)\" data-image-description=\"\" data-image-caption=\"\" data-large-file=\"https:\/\/eldiariodesanpedro.com.ar\/sitio\/wp-content\/uploads\/2022\/08\/WhatsApp-Image-2022-08-18-at-9.05.42-AM-1.jpeg\" data-src=\"https:\/\/eldiariodesanpedro.com.ar\/sitio\/wp-content\/uploads\/2022\/08\/WhatsApp-Image-2022-08-18-at-9.05.42-AM-1.jpeg\" alt=\"\" class=\"wp-image-109845 lazyload\" data-srcset=\"https:\/\/eldiariodesanpedro.com.ar\/sitio\/wp-content\/uploads\/2022\/08\/WhatsApp-Image-2022-08-18-at-9.05.42-AM-1.jpeg 630w, https:\/\/eldiariodesanpedro.com.ar\/sitio\/wp-content\/uploads\/2022\/08\/WhatsApp-Image-2022-08-18-at-9.05.42-AM-1-300x300.jpeg 300w, https:\/\/eldiariodesanpedro.com.ar\/sitio\/wp-content\/uploads\/2022\/08\/WhatsApp-Image-2022-08-18-at-9.05.42-AM-1-150x150.jpeg 150w\" data-sizes=\"(max-width: 630px) 100vw, 630px\" src=\"data:image\/svg+xml;base64,PHN2ZyB3aWR0aD0iMSIgaGVpZ2h0PSIxIiB4bWxucz0iaHR0cDovL3d3dy53My5vcmcvMjAwMC9zdmciPjwvc3ZnPg==\" style=\"--smush-placeholder-width: 630px; --smush-placeholder-aspect-ratio: 630\/630;\" \/><\/figure>\n","protected":false},"excerpt":{"rendered":"<p>En el Complejo de Luz y Fuerza de Baradero, se concret\u00f3 ayer mi\u00e9rcoles 17 de agosto una reuni\u00f3n del Consejo Regional de Salud que cont\u00f3 con la participaci\u00f3n del Ministro de Salud de la Provincia Nicol\u00e1s Kreplak, representantes de la Regi\u00f3n Sanitaria y los equipos de salud de toda la zona. Desde San Pedro concurrieron [&hellip;]<\/p>\n","protected":false},"author":4,"featured_media":109844,"comment_status":"closed","ping_status":"closed","sticky":false,"template":"","format":"standard","meta":{"om_disable_all_campaigns":false,"_jetpack_memberships_contains_paid_content":false,"footnotes":""},"categories":[50,101,2],"tags":[197,696,33,19],"class_list":["post-109841","post","type-post","status-publish","format-standard","has-post-thumbnail","hentry","category-destacadas","category-interes-general-locales","category-locales","tag-buenos-aires","tag-interes-general","tag-locales","tag-san-pedro"],"aioseo_notices":[],"gutentor_comment":0,"jetpack_featured_media_url":"https:\/\/eldiariodesanpedro.com.ar\/sitio\/wp-content\/uploads\/2022\/08\/WhatsApp-Image-2022-08-18-at-9.05.41-AM-1.jpeg","jetpack_shortlink":"https:\/\/wp.me\/p6RhLt-szD","jetpack_sharing_enabled":true,"_links":{"self":[{"href":"https:\/\/eldiariodesanpedro.com.ar\/sitio\/wp-json\/wp\/v2\/posts\/109841","targetHints":{"allow":["GET"]}}],"collection":[{"href":"https:\/\/eldiariodesanpedro.com.ar\/sitio\/wp-json\/wp\/v2\/posts"}],"about":[{"href":"https:\/\/eldiariodesanpedro.com.ar\/sitio\/wp-json\/wp\/v2\/types\/post"}],"author":[{"embeddable":true,"href":"https:\/\/eldiariodesanpedro.com.ar\/sitio\/wp-json\/wp\/v2\/users\/4"}],"replies":[{"embeddable":true,"href":"https:\/\/eldiariodesanpedro.com.ar\/sitio\/wp-json\/wp\/v2\/comments?post=109841"}],"version-history":[{"count":1,"href":"https:\/\/eldiariodesanpedro.com.ar\/sitio\/wp-json\/wp\/v2\/posts\/109841\/revisions"}],"predecessor-version":[{"id":109846,"href":"https:\/\/eldiariodesanpedro.com.ar\/sitio\/wp-json\/wp\/v2\/posts\/109841\/revisions\/109846"}],"wp:featuredmedia":[{"embeddable":true,"href":"https:\/\/eldiariodesanpedro.com.ar\/sitio\/wp-json\/wp\/v2\/media\/109844"}],"wp:attachment":[{"href":"https:\/\/eldiariodesanpedro.com.ar\/sitio\/wp-json\/wp\/v2\/media?parent=109841"}],"wp:term":[{"taxonomy":"category","embeddable":true,"href":"https:\/\/eldiariodesanpedro.com.ar\/sitio\/wp-json\/wp\/v2\/categories?post=109841"},{"taxonomy":"post_tag","embeddable":true,"href":"https:\/\/eldiariodesanpedro.com.ar\/sitio\/wp-json\/wp\/v2\/tags?post=109841"}],"curies":[{"name":"wp","href":"https:\/\/api.w.org\/{rel}","templated":true}]}}