{"id":109839,"date":"2022-08-18T11:11:30","date_gmt":"2022-08-18T14:11:30","guid":{"rendered":"https:\/\/eldiariodesanpedro.com.ar\/sitio\/?p=109839"},"modified":"2022-08-18T11:11:31","modified_gmt":"2022-08-18T14:11:31","slug":"denuncian-a-futbolista-por-un-presunto-caso-de-abuso-sexual","status":"publish","type":"post","link":"https:\/\/eldiariodesanpedro.com.ar\/sitio\/denuncian-a-futbolista-por-un-presunto-caso-de-abuso-sexual\/","title":{"rendered":"Denuncian a futbolista por un presunto caso de abuso sexual"},"content":{"rendered":"<!-- VideographyWP Plugin Message: Automatic video embedding prevented by plugin options. -->\n\n<p>Se trata de un reconocido deportista de 51 a\u00f1os que pas\u00f3 por varios clubes de la zona. La presentaci\u00f3n fue realizada por la propia familia.<\/p>\n\n\n\n<p>Un reconocido futbolista de 51 a\u00f1os, de basta trayectoria en equipos de toda la regi\u00f3n, fue denunciado en las \u00faltimas horas por ser responsable de un presunto caso de abuso sexual.<\/p>\n\n\n\n<p>La v\u00edctima tiene 15 a\u00f1os y la denuncia fue radicada por la familia de la menor quien pudo comprobar lo sucedido a trav\u00e9s de la advertencia que hab\u00edan recibido de parte de las amigas quienes tambi\u00e9n colaboraron para poder establecerlo.<\/p>\n\n\n\n<p>La causa recay\u00f3 en la fiscal\u00eda del Dr. Marcelo Manso, quien en las pr\u00f3ximas horas solicitar\u00e1 la entrevista en c\u00e1mara gesell y otras pericias elementales para la causa.<\/p>\n\n\n\n<p>La situaci\u00f3n del acusado es sumamente compleja debido a que lo denunciado se habr\u00eda dado aprovechando su condici\u00f3n de empleado municipal de la Direcci\u00f3n de Deportes, y la concurrencia de la v\u00edctima al Estadio Municipal en car\u00e1cter de alumna.<\/p>\n\n\n\n<p>Por otro lado la asesor\u00eda legal de la Municipalidad de San Pedro inici\u00f3 un sumario relacionado a lo denunciado contra el trabajador quien a la vez no est\u00e1 concurriendo a su puesto de trabajo debido a que present\u00f3 certificado m\u00e9dico.<\/p>\n\n\n\n<p>El acusado tuvo una dilatada trayectoria como futbolista en clubes de San Pedro y Baradero, y actualmente disputaba los torneos Senior de la Liga Deportiva Sampedrina.<\/p>\n","protected":false},"excerpt":{"rendered":"<p>Se trata de un reconocido deportista de 51 a\u00f1os que pas\u00f3 por varios clubes de la zona. La presentaci\u00f3n fue realizada por la propia familia. Un reconocido futbolista de 51 a\u00f1os, de basta trayectoria en equipos de toda la regi\u00f3n, fue denunciado en las \u00faltimas horas por ser responsable de un presunto caso de abuso [&hellip;]<\/p>\n","protected":false},"author":4,"featured_media":2965,"comment_status":"closed","ping_status":"closed","sticky":false,"template":"","format":"standard","meta":{"om_disable_all_campaigns":false,"_jetpack_memberships_contains_paid_content":false,"footnotes":""},"categories":[50,2,103],"tags":[197,696,33,19],"class_list":["post-109839","post","type-post","status-publish","format-standard","has-post-thumbnail","hentry","category-destacadas","category-locales","category-policiales-locales","tag-buenos-aires","tag-interes-general","tag-locales","tag-san-pedro"],"aioseo_notices":[],"gutentor_comment":0,"jetpack_featured_media_url":"https:\/\/eldiariodesanpedro.com.ar\/sitio\/wp-content\/uploads\/2016\/04\/20160223161728_estadio03.jpg","jetpack_shortlink":"https:\/\/wp.me\/p6RhLt-szB","jetpack_sharing_enabled":true,"_links":{"self":[{"href":"https:\/\/eldiariodesanpedro.com.ar\/sitio\/wp-json\/wp\/v2\/posts\/109839","targetHints":{"allow":["GET"]}}],"collection":[{"href":"https:\/\/eldiariodesanpedro.com.ar\/sitio\/wp-json\/wp\/v2\/posts"}],"about":[{"href":"https:\/\/eldiariodesanpedro.com.ar\/sitio\/wp-json\/wp\/v2\/types\/post"}],"author":[{"embeddable":true,"href":"https:\/\/eldiariodesanpedro.com.ar\/sitio\/wp-json\/wp\/v2\/users\/4"}],"replies":[{"embeddable":true,"href":"https:\/\/eldiariodesanpedro.com.ar\/sitio\/wp-json\/wp\/v2\/comments?post=109839"}],"version-history":[{"count":1,"href":"https:\/\/eldiariodesanpedro.com.ar\/sitio\/wp-json\/wp\/v2\/posts\/109839\/revisions"}],"predecessor-version":[{"id":109840,"href":"https:\/\/eldiariodesanpedro.com.ar\/sitio\/wp-json\/wp\/v2\/posts\/109839\/revisions\/109840"}],"wp:featuredmedia":[{"embeddable":true,"href":"https:\/\/eldiariodesanpedro.com.ar\/sitio\/wp-json\/wp\/v2\/media\/2965"}],"wp:attachment":[{"href":"https:\/\/eldiariodesanpedro.com.ar\/sitio\/wp-json\/wp\/v2\/media?parent=109839"}],"wp:term":[{"taxonomy":"category","embeddable":true,"href":"https:\/\/eldiariodesanpedro.com.ar\/sitio\/wp-json\/wp\/v2\/categories?post=109839"},{"taxonomy":"post_tag","embeddable":true,"href":"https:\/\/eldiariodesanpedro.com.ar\/sitio\/wp-json\/wp\/v2\/tags?post=109839"}],"curies":[{"name":"wp","href":"https:\/\/api.w.org\/{rel}","templated":true}]}}