{"id":109836,"date":"2022-08-18T11:07:53","date_gmt":"2022-08-18T14:07:53","guid":{"rendered":"https:\/\/eldiariodesanpedro.com.ar\/sitio\/?p=109836"},"modified":"2022-08-18T11:07:55","modified_gmt":"2022-08-18T14:07:55","slug":"marcela-luchessi-los-alumnos-tienen-que-estar-en-la-escuela-y-en-las-condiciones-adecuadas","status":"publish","type":"post","link":"https:\/\/eldiariodesanpedro.com.ar\/sitio\/marcela-luchessi-los-alumnos-tienen-que-estar-en-la-escuela-y-en-las-condiciones-adecuadas\/","title":{"rendered":"Marcela Luchessi: \u201cLos alumnos tienen que estar en la escuela y en las condiciones adecuadas\u201d"},"content":{"rendered":"<!-- VideographyWP Plugin Message: Automatic video embedding prevented by plugin options. -->\n\n<p>La jefa distrital de educaci\u00f3n habl\u00f3 en FM G\u00e9nesis y se refiri\u00f3 a la situaci\u00f3n planteada en la escuela Normal, luego del reclamo de los alumnos.<\/p>\n\n\n\n<p>La manifestaci\u00f3n generada por un grupo de alumnos de la escuela Normal, quienes reclamaban mejoras edilicias y mayor comodidad, hizo que las autoridades se refirieran al respecto y dejaran en claro cu\u00e1l es la posici\u00f3n ante la situaci\u00f3n planteada en los \u00faltimos d\u00edas.<\/p>\n\n\n\n<p>La jefa distrital de educaci\u00f3n, Marcela Lucchesi, habl\u00f3 en el aire de FM G\u00e9nesis y explic\u00f3 cu\u00e1les son los pasos que ya se dieron y se esperan poder concretar.<\/p>\n\n\n\n<p>\u201cLos chicos se manifestaron y es algo que compartimos\u201d, se\u00f1al\u00f3. \u201cDijeron que no se encuentran c\u00f3modos y que necesitan un lugar agradable para aprender y en eso estamos totalmente de acuerdo\u201d.<\/p>\n\n\n\n<p>\u201cDe hecho para brindarle la comodidad y condiciones necesarias para que ellos puedan estar aprendiendo y para que los docentes puedan estar ense\u00f1ando es que desde el a\u00f1o pasado empezamos a trabajar en tres ejes: La reorganizaci\u00f3n de la matr\u00edcula; la otra fue la reorganizaci\u00f3n de espacios, que son decisiones institucionales que se toman priorizando las condiciones de alojamiento de los alumnos, porque siempre hemos resignado espacios administrativos para poder generar espacios para los alumnos; y el \u00faltimo aspecto es generar mejores edificios y para eso se realizaron gestiones que dieron sus frutos porque con el municipio y la UEGD trabajamos para lograrlo y esperamos que a la brevedad se concreten\u201d, confirm\u00f3 Luchessi.<\/p>\n\n\n\n<p>\u201cTodo esto tiene distintos tiempos para dar resultados, y esperando esos tiempos se le solicit\u00f3 al Consejo Escolar y a Infraestructura Educativa que en la escuela Fray Cayetano Rodr\u00edguez se identificara un espacio posible para un aula\u201d.&nbsp;<\/p>\n\n\n\n<p>\u201cEso sucedi\u00f3 y en su momento tuvimos que aclarar que el sal\u00f3n de actos no iba a ser utilizado como aula permanente, que no iba a ser modificado. Fue una informaci\u00f3n err\u00f3nea y confundi\u00f3 much\u00edsimo a la comunidad\u201d, dijo en cuanto a la versi\u00f3n que indiciaba presuntas refacciones en el sal\u00f3n de actos.<\/p>\n\n\n\n<p>\u201cFue muy complejo poder explicarle a la gente que nadie quiere que ese edificio hist\u00f3rico no se deteriore, lo estamos cuidando pero siempre con la premisa que es un edificio escolar y que sin alumnos no es una escuela. Los alumnos tienen que estar en la escuela y en las condiciones adecuadas\u201d, asegur\u00f3 la jefa distrital de educaci\u00f3n.&nbsp;<\/p>\n","protected":false},"excerpt":{"rendered":"<p>La jefa distrital de educaci\u00f3n habl\u00f3 en FM G\u00e9nesis y se refiri\u00f3 a la situaci\u00f3n planteada en la escuela Normal, luego del reclamo de los alumnos. La manifestaci\u00f3n generada por un grupo de alumnos de la escuela Normal, quienes reclamaban mejoras edilicias y mayor comodidad, hizo que las autoridades se refirieran al respecto y dejaran [&hellip;]<\/p>\n","protected":false},"author":4,"featured_media":109837,"comment_status":"closed","ping_status":"closed","sticky":false,"template":"","format":"standard","meta":{"om_disable_all_campaigns":false,"_jetpack_memberships_contains_paid_content":false,"footnotes":""},"categories":[50,101,2],"tags":[197,696,33,19],"class_list":["post-109836","post","type-post","status-publish","format-standard","has-post-thumbnail","hentry","category-destacadas","category-interes-general-locales","category-locales","tag-buenos-aires","tag-interes-general","tag-locales","tag-san-pedro"],"aioseo_notices":[],"gutentor_comment":0,"jetpack_featured_media_url":"https:\/\/eldiariodesanpedro.com.ar\/sitio\/wp-content\/uploads\/2022\/08\/0000021130-resized-1920x1080-1.jpg","jetpack_shortlink":"https:\/\/wp.me\/p6RhLt-szy","jetpack_sharing_enabled":true,"_links":{"self":[{"href":"https:\/\/eldiariodesanpedro.com.ar\/sitio\/wp-json\/wp\/v2\/posts\/109836","targetHints":{"allow":["GET"]}}],"collection":[{"href":"https:\/\/eldiariodesanpedro.com.ar\/sitio\/wp-json\/wp\/v2\/posts"}],"about":[{"href":"https:\/\/eldiariodesanpedro.com.ar\/sitio\/wp-json\/wp\/v2\/types\/post"}],"author":[{"embeddable":true,"href":"https:\/\/eldiariodesanpedro.com.ar\/sitio\/wp-json\/wp\/v2\/users\/4"}],"replies":[{"embeddable":true,"href":"https:\/\/eldiariodesanpedro.com.ar\/sitio\/wp-json\/wp\/v2\/comments?post=109836"}],"version-history":[{"count":1,"href":"https:\/\/eldiariodesanpedro.com.ar\/sitio\/wp-json\/wp\/v2\/posts\/109836\/revisions"}],"predecessor-version":[{"id":109838,"href":"https:\/\/eldiariodesanpedro.com.ar\/sitio\/wp-json\/wp\/v2\/posts\/109836\/revisions\/109838"}],"wp:featuredmedia":[{"embeddable":true,"href":"https:\/\/eldiariodesanpedro.com.ar\/sitio\/wp-json\/wp\/v2\/media\/109837"}],"wp:attachment":[{"href":"https:\/\/eldiariodesanpedro.com.ar\/sitio\/wp-json\/wp\/v2\/media?parent=109836"}],"wp:term":[{"taxonomy":"category","embeddable":true,"href":"https:\/\/eldiariodesanpedro.com.ar\/sitio\/wp-json\/wp\/v2\/categories?post=109836"},{"taxonomy":"post_tag","embeddable":true,"href":"https:\/\/eldiariodesanpedro.com.ar\/sitio\/wp-json\/wp\/v2\/tags?post=109836"}],"curies":[{"name":"wp","href":"https:\/\/api.w.org\/{rel}","templated":true}]}}