{"id":109833,"date":"2022-08-18T10:57:19","date_gmt":"2022-08-18T13:57:19","guid":{"rendered":"https:\/\/eldiariodesanpedro.com.ar\/sitio\/?p=109833"},"modified":"2022-08-18T10:57:21","modified_gmt":"2022-08-18T13:57:21","slug":"tarifas-desde-el-gobierno-sostienen-que-acompanaran-a-quienes-mas-lo-necesiten","status":"publish","type":"post","link":"https:\/\/eldiariodesanpedro.com.ar\/sitio\/tarifas-desde-el-gobierno-sostienen-que-acompanaran-a-quienes-mas-lo-necesiten\/","title":{"rendered":"Tarifas: Desde el gobierno sostienen que acompa\u00f1ar\u00e1n a \u00abquienes m\u00e1s lo necesiten\u00bb"},"content":{"rendered":"<!-- VideographyWP Plugin Message: Automatic video embedding prevented by plugin options. -->\n\n<p>La secretaria de Energ\u00eda sostuvo que buscan que \u00abcada familia empiece a tener consciencia de su consumo\u00bb.<\/p>\n\n\n\n<p>Siguen las repercusiones en torno al nuevo esquema de segmentaci\u00f3n a partir del cual se definir\u00e1n que usuarios recibir\u00e1n los subsidios energ\u00e9ticos. En ese sentido desde el Gobierno nacional sostuvieron que a partir de esto se generar\u00e1 un sistema de\u00a0tarifas\u00a0m\u00e1s justas mediante el que se acompa\u00f1ar\u00e1 a quienes m\u00e1s lo necesiten.<\/p>\n\n\n\n<p>As\u00ed lo confirm\u00f3 la secretaria de Energ\u00eda<strong>\u00a0Flavia Roy\u00f3n<\/strong>, encargada del programa \u00abtarifas justas\u00bb que implement\u00f3 el Ejecutivo nacional en los \u00faltimos d\u00edas y mediante el cual buscan redireccionar los subsidios al consumo energ\u00e9tico y as\u00ed generarle al Estado un importante ahorro fiscal y promover el orden en las cuentas p\u00fablicas.<\/p>\n\n\n\n<p>En ese sentido Flavia Roy\u00f3n manifest\u00f3 que<strong>\u00a0\u00ablos sectores de menores ingresos y usuarios con tarifa social no van a tener aumentos\u00bb\u00a0<\/strong>sino que se \u00abvan a readecuar los subsidios para que aquel que pueda afrontar el costo de la energ\u00eda lo haga en etapas\u201d. En ese plano la secretaria destac\u00f3 que el<strong>\u00a0Estado va a seguir brindando ayuda y acompa\u00f1ando a quienes lo necesiten.<\/strong><\/p>\n\n\n\n<h2 class=\"wp-block-heading\">Las dudas y cuestionamientos en torno a la segmentaci\u00f3n<\/h2>\n\n\n\n<p>Previo al anuncio sobre el nuevo esquema mucho se especul\u00f3 en torno al l\u00edmite de consumo de 400 kw establecido por el Gobierno y que levant\u00f3 la pol\u00e9mica entre muchos especialistas que expresaron sus dudas en torno a esta decisi\u00f3n. Seg\u00fan indicaron muchos grupos familiares superar\u00e1n ese consumo por lo que creen que es\u00a0\u00abun disparate\u00bb.<\/p>\n\n\n\n<p>En ese marco Roy\u00f3n argument\u00f3 que lo que buscan con el tope es que&nbsp;<strong>\u00abcada familia empiece a tener consciencia de su consumo\u00bb<\/strong>&nbsp;y as\u00ed lograr que el sistema sea m\u00e1s \u00abeficiente y sustentable\u00bb.<\/p>\n\n\n\n<p>Otro de los cuestionamiento surgi\u00f3 en torno a los millones de hogares que no completaron el formulario necesario para poder acceder a los servicios, si bien en un principio se especul\u00f3 con que se trataba de familias que consideraban que quedaban por fuera, la secretaria de Energ\u00eda confirm\u00f3 que est\u00e1n trabajando con las provincias y con ANSES para que aquellos usuarios de menores ingresos y tarifa social que a\u00fan no se anotaron no pierdan el subsidio en la primera etapa.<\/p>\n\n\n\n<p><a href=\"https:\/\/media.infocielo.com\/p\/021a75e9a4fa1c0ea591a326d139f27b\/adjuntos\/299\/imagenes\/001\/371\/0001371887\/887x0\/smart\/tarifasjpg.jpg\"><\/a><\/p>\n","protected":false},"excerpt":{"rendered":"<p>La secretaria de Energ\u00eda sostuvo que buscan que \u00abcada familia empiece a tener consciencia de su consumo\u00bb. Siguen las repercusiones en torno al nuevo esquema de segmentaci\u00f3n a partir del cual se definir\u00e1n que usuarios recibir\u00e1n los subsidios energ\u00e9ticos. En ese sentido desde el Gobierno nacional sostuvieron que a partir de esto se generar\u00e1 un [&hellip;]<\/p>\n","protected":false},"author":4,"featured_media":109834,"comment_status":"closed","ping_status":"closed","sticky":false,"template":"","format":"standard","meta":{"om_disable_all_campaigns":false,"_jetpack_memberships_contains_paid_content":false,"footnotes":""},"categories":[101,2],"tags":[197,696,33,19],"class_list":["post-109833","post","type-post","status-publish","format-standard","has-post-thumbnail","hentry","category-interes-general-locales","category-locales","tag-buenos-aires","tag-interes-general","tag-locales","tag-san-pedro"],"aioseo_notices":[],"gutentor_comment":0,"jetpack_featured_media_url":"https:\/\/eldiariodesanpedro.com.ar\/sitio\/wp-content\/uploads\/2022\/08\/Sin-titulo-3.png","jetpack_shortlink":"https:\/\/wp.me\/p6RhLt-szv","jetpack_sharing_enabled":true,"_links":{"self":[{"href":"https:\/\/eldiariodesanpedro.com.ar\/sitio\/wp-json\/wp\/v2\/posts\/109833","targetHints":{"allow":["GET"]}}],"collection":[{"href":"https:\/\/eldiariodesanpedro.com.ar\/sitio\/wp-json\/wp\/v2\/posts"}],"about":[{"href":"https:\/\/eldiariodesanpedro.com.ar\/sitio\/wp-json\/wp\/v2\/types\/post"}],"author":[{"embeddable":true,"href":"https:\/\/eldiariodesanpedro.com.ar\/sitio\/wp-json\/wp\/v2\/users\/4"}],"replies":[{"embeddable":true,"href":"https:\/\/eldiariodesanpedro.com.ar\/sitio\/wp-json\/wp\/v2\/comments?post=109833"}],"version-history":[{"count":1,"href":"https:\/\/eldiariodesanpedro.com.ar\/sitio\/wp-json\/wp\/v2\/posts\/109833\/revisions"}],"predecessor-version":[{"id":109835,"href":"https:\/\/eldiariodesanpedro.com.ar\/sitio\/wp-json\/wp\/v2\/posts\/109833\/revisions\/109835"}],"wp:featuredmedia":[{"embeddable":true,"href":"https:\/\/eldiariodesanpedro.com.ar\/sitio\/wp-json\/wp\/v2\/media\/109834"}],"wp:attachment":[{"href":"https:\/\/eldiariodesanpedro.com.ar\/sitio\/wp-json\/wp\/v2\/media?parent=109833"}],"wp:term":[{"taxonomy":"category","embeddable":true,"href":"https:\/\/eldiariodesanpedro.com.ar\/sitio\/wp-json\/wp\/v2\/categories?post=109833"},{"taxonomy":"post_tag","embeddable":true,"href":"https:\/\/eldiariodesanpedro.com.ar\/sitio\/wp-json\/wp\/v2\/tags?post=109833"}],"curies":[{"name":"wp","href":"https:\/\/api.w.org\/{rel}","templated":true}]}}