{"id":109823,"date":"2022-08-17T22:13:53","date_gmt":"2022-08-18T01:13:53","guid":{"rendered":"https:\/\/eldiariodesanpedro.com.ar\/sitio\/?p=109823"},"modified":"2022-08-18T10:26:57","modified_gmt":"2022-08-18T13:26:57","slug":"la-policia-federal-detuvo-en-san-pedro-a-un-ciudadano-acusado-de-planear-un-atentado","status":"publish","type":"post","link":"https:\/\/eldiariodesanpedro.com.ar\/sitio\/la-policia-federal-detuvo-en-san-pedro-a-un-ciudadano-acusado-de-planear-un-atentado\/","title":{"rendered":"La polic\u00eda federal detuvo en San Pedro a un ciudadano acusado de planear un atentado"},"content":{"rendered":"<!-- VideographyWP Plugin Message: Automatic video embedding prevented by plugin options. -->\n\n<p>Agentes federales del Departamento Unidad de Investigaci\u00f3n Antiterrorista, detuvieron a un hombre acusado de planear diferentes atentados, bombardeos y tiroteos masivos por internet a nuestro pa\u00eds.<\/p>\n\n\n\n<p>La investigaci\u00f3n fue llevada en conjunto con el Bur\u00f3 Federal de Investigaciones (FBI), la Direcci\u00f3n Nacional de Inteligencia Criminal y la Unidad Fiscal Especializada en Ciberdelincuencia (UFECI), a ra\u00edz de una amenaza realizada por un usuario de la red social 4CHAN, el cual se encontrar\u00eda en la Rep\u00fablica Argentina. El mismo habr\u00eda publicado numerosos comentarios, en los cuales hacia saber que estar\u00eda planeando un tiroteo masivo y un bombardeo en la Rep\u00fablica de Argentina. Posteriormente, el FBI inform\u00f3 que dicha informaci\u00f3n era generada en la localidad bonaerense de Grand Bourg.<\/p>\n\n\n\n<p>En consecuencia, los efectivos federales realizaron minuciosas tareas de campo durante varios d\u00edas, para establecer la identidad y paradero del involucrado, por orden de la Unidad Fiscal Especializada en Ciberdelincuencia, a cargo del Dr. Horacio Azzolin, Secretar\u00eda del Dr. Christian Mansilla. Estas determinaron que un domicilio ubicado en la calle Gomendio al 2200 de la ciudad de San Pedro, era utilizado para dichas maniobras delictivas.<\/p>\n\n\n\n<p>Con el total de los datos obtenidos, el Juzgado Federal N\u00b02 de San Nicol\u00e1s a cargo del Dr. Carlos Villafuerte Ruzo, Secretar\u00eda Penal N\u00ba 1 de la Dra. Mar\u00eda Sica, orden\u00f3 el allanamiento a dicho inmueble.<\/p>\n\n\n\n<p>Durante el operativo fue detenido un hombre ar os y se secuestraron una notebook, una netbook, un tel\u00e9fono celular, un pendrive, una computadora, un arma calibre 22, un cargador, diez cartuchos de bala, un rifle aire comprimido, folletos reivindicando al partido nacional socialista alem\u00e1n con simbolog\u00eda de cruz esv\u00e1stica y dem\u00e1s elementos de inter\u00e9s para la causa.<\/p>\n\n\n\n<p>El detenido, junto con los elementos secuestrados, quedaron a disposici\u00f3n del magistrado interventor por el delito de intimidaci\u00f3n p\u00fablica.<\/p>\n\n\n\n<figure class=\"wp-block-image size-full\"><img decoding=\"async\" width=\"840\" height=\"630\" data-attachment-id=\"109824\" data-permalink=\"https:\/\/eldiariodesanpedro.com.ar\/sitio\/la-policia-federal-detuvo-en-san-pedro-a-un-ciudadano-acusado-de-planear-un-atentado\/whatsapp-image-2022-08-17-at-9-40-16-pm\/\" data-orig-file=\"https:\/\/eldiariodesanpedro.com.ar\/sitio\/wp-content\/uploads\/2022\/08\/WhatsApp-Image-2022-08-17-at-9.40.16-PM.jpeg\" data-orig-size=\"840,630\" data-comments-opened=\"0\" data-image-meta=\"{&quot;aperture&quot;:&quot;0&quot;,&quot;credit&quot;:&quot;&quot;,&quot;camera&quot;:&quot;&quot;,&quot;caption&quot;:&quot;&quot;,&quot;created_timestamp&quot;:&quot;0&quot;,&quot;copyright&quot;:&quot;&quot;,&quot;focal_length&quot;:&quot;0&quot;,&quot;iso&quot;:&quot;0&quot;,&quot;shutter_speed&quot;:&quot;0&quot;,&quot;title&quot;:&quot;&quot;,&quot;orientation&quot;:&quot;0&quot;}\" data-image-title=\"WhatsApp Image 2022-08-17 at 9.40.16 PM\" data-image-description=\"\" data-image-caption=\"\" data-large-file=\"https:\/\/eldiariodesanpedro.com.ar\/sitio\/wp-content\/uploads\/2022\/08\/WhatsApp-Image-2022-08-17-at-9.40.16-PM.jpeg\" data-src=\"https:\/\/eldiariodesanpedro.com.ar\/sitio\/wp-content\/uploads\/2022\/08\/WhatsApp-Image-2022-08-17-at-9.40.16-PM.jpeg\" alt=\"\" class=\"wp-image-109824 lazyload\" data-srcset=\"https:\/\/eldiariodesanpedro.com.ar\/sitio\/wp-content\/uploads\/2022\/08\/WhatsApp-Image-2022-08-17-at-9.40.16-PM.jpeg 840w, https:\/\/eldiariodesanpedro.com.ar\/sitio\/wp-content\/uploads\/2022\/08\/WhatsApp-Image-2022-08-17-at-9.40.16-PM-300x225.jpeg 300w, https:\/\/eldiariodesanpedro.com.ar\/sitio\/wp-content\/uploads\/2022\/08\/WhatsApp-Image-2022-08-17-at-9.40.16-PM-768x576.jpeg 768w, https:\/\/eldiariodesanpedro.com.ar\/sitio\/wp-content\/uploads\/2022\/08\/WhatsApp-Image-2022-08-17-at-9.40.16-PM-272x204.jpeg 272w\" data-sizes=\"(max-width: 840px) 100vw, 840px\" src=\"data:image\/svg+xml;base64,PHN2ZyB3aWR0aD0iMSIgaGVpZ2h0PSIxIiB4bWxucz0iaHR0cDovL3d3dy53My5vcmcvMjAwMC9zdmciPjwvc3ZnPg==\" style=\"--smush-placeholder-width: 840px; --smush-placeholder-aspect-ratio: 840\/630;\" \/><\/figure>\n\n\n\n<figure class=\"wp-block-image size-full\"><img decoding=\"async\" width=\"840\" height=\"630\" data-attachment-id=\"109825\" data-permalink=\"https:\/\/eldiariodesanpedro.com.ar\/sitio\/la-policia-federal-detuvo-en-san-pedro-a-un-ciudadano-acusado-de-planear-un-atentado\/whatsapp-image-2022-08-17-at-9-40-17-2-pm\/\" data-orig-file=\"https:\/\/eldiariodesanpedro.com.ar\/sitio\/wp-content\/uploads\/2022\/08\/WhatsApp-Image-2022-08-17-at-9.40.17-2-PM.jpeg\" data-orig-size=\"840,630\" data-comments-opened=\"0\" data-image-meta=\"{&quot;aperture&quot;:&quot;0&quot;,&quot;credit&quot;:&quot;&quot;,&quot;camera&quot;:&quot;&quot;,&quot;caption&quot;:&quot;&quot;,&quot;created_timestamp&quot;:&quot;0&quot;,&quot;copyright&quot;:&quot;&quot;,&quot;focal_length&quot;:&quot;0&quot;,&quot;iso&quot;:&quot;0&quot;,&quot;shutter_speed&quot;:&quot;0&quot;,&quot;title&quot;:&quot;&quot;,&quot;orientation&quot;:&quot;0&quot;}\" data-image-title=\"WhatsApp Image 2022-08-17 at 9.40.17 2 PM\" data-image-description=\"\" data-image-caption=\"\" data-large-file=\"https:\/\/eldiariodesanpedro.com.ar\/sitio\/wp-content\/uploads\/2022\/08\/WhatsApp-Image-2022-08-17-at-9.40.17-2-PM.jpeg\" data-src=\"https:\/\/eldiariodesanpedro.com.ar\/sitio\/wp-content\/uploads\/2022\/08\/WhatsApp-Image-2022-08-17-at-9.40.17-2-PM.jpeg\" alt=\"\" class=\"wp-image-109825 lazyload\" data-srcset=\"https:\/\/eldiariodesanpedro.com.ar\/sitio\/wp-content\/uploads\/2022\/08\/WhatsApp-Image-2022-08-17-at-9.40.17-2-PM.jpeg 840w, https:\/\/eldiariodesanpedro.com.ar\/sitio\/wp-content\/uploads\/2022\/08\/WhatsApp-Image-2022-08-17-at-9.40.17-2-PM-300x225.jpeg 300w, https:\/\/eldiariodesanpedro.com.ar\/sitio\/wp-content\/uploads\/2022\/08\/WhatsApp-Image-2022-08-17-at-9.40.17-2-PM-768x576.jpeg 768w, https:\/\/eldiariodesanpedro.com.ar\/sitio\/wp-content\/uploads\/2022\/08\/WhatsApp-Image-2022-08-17-at-9.40.17-2-PM-272x204.jpeg 272w\" data-sizes=\"(max-width: 840px) 100vw, 840px\" src=\"data:image\/svg+xml;base64,PHN2ZyB3aWR0aD0iMSIgaGVpZ2h0PSIxIiB4bWxucz0iaHR0cDovL3d3dy53My5vcmcvMjAwMC9zdmciPjwvc3ZnPg==\" style=\"--smush-placeholder-width: 840px; --smush-placeholder-aspect-ratio: 840\/630;\" \/><\/figure>\n\n\n\n<figure class=\"wp-block-image size-full\"><img decoding=\"async\" width=\"747\" height=\"630\" data-attachment-id=\"109827\" data-permalink=\"https:\/\/eldiariodesanpedro.com.ar\/sitio\/la-policia-federal-detuvo-en-san-pedro-a-un-ciudadano-acusado-de-planear-un-atentado\/whatsapp-image-2022-08-17-at-9-40-16-pm-1\/\" data-orig-file=\"https:\/\/eldiariodesanpedro.com.ar\/sitio\/wp-content\/uploads\/2022\/08\/WhatsApp-Image-2022-08-17-at-9.40.16-PM-1.jpeg\" data-orig-size=\"747,630\" data-comments-opened=\"0\" data-image-meta=\"{&quot;aperture&quot;:&quot;0&quot;,&quot;credit&quot;:&quot;&quot;,&quot;camera&quot;:&quot;&quot;,&quot;caption&quot;:&quot;&quot;,&quot;created_timestamp&quot;:&quot;0&quot;,&quot;copyright&quot;:&quot;&quot;,&quot;focal_length&quot;:&quot;0&quot;,&quot;iso&quot;:&quot;0&quot;,&quot;shutter_speed&quot;:&quot;0&quot;,&quot;title&quot;:&quot;&quot;,&quot;orientation&quot;:&quot;0&quot;}\" data-image-title=\"WhatsApp-Image-2022-08-17-at-9.40.16-PM-1\" data-image-description=\"\" data-image-caption=\"\" data-large-file=\"https:\/\/eldiariodesanpedro.com.ar\/sitio\/wp-content\/uploads\/2022\/08\/WhatsApp-Image-2022-08-17-at-9.40.16-PM-1.jpeg\" data-src=\"https:\/\/eldiariodesanpedro.com.ar\/sitio\/wp-content\/uploads\/2022\/08\/WhatsApp-Image-2022-08-17-at-9.40.16-PM-1.jpeg\" alt=\"\" class=\"wp-image-109827 lazyload\" data-srcset=\"https:\/\/eldiariodesanpedro.com.ar\/sitio\/wp-content\/uploads\/2022\/08\/WhatsApp-Image-2022-08-17-at-9.40.16-PM-1.jpeg 747w, https:\/\/eldiariodesanpedro.com.ar\/sitio\/wp-content\/uploads\/2022\/08\/WhatsApp-Image-2022-08-17-at-9.40.16-PM-1-300x253.jpeg 300w\" data-sizes=\"(max-width: 747px) 100vw, 747px\" src=\"data:image\/svg+xml;base64,PHN2ZyB3aWR0aD0iMSIgaGVpZ2h0PSIxIiB4bWxucz0iaHR0cDovL3d3dy53My5vcmcvMjAwMC9zdmciPjwvc3ZnPg==\" style=\"--smush-placeholder-width: 747px; --smush-placeholder-aspect-ratio: 747\/630;\" \/><\/figure>\n","protected":false},"excerpt":{"rendered":"<p>Agentes federales del Departamento Unidad de Investigaci\u00f3n Antiterrorista, detuvieron a un hombre acusado de planear diferentes atentados, bombardeos y tiroteos masivos por internet a nuestro pa\u00eds. La investigaci\u00f3n fue llevada en conjunto con el Bur\u00f3 Federal de Investigaciones (FBI), la Direcci\u00f3n Nacional de Inteligencia Criminal y la Unidad Fiscal Especializada en Ciberdelincuencia (UFECI), a ra\u00edz [&hellip;]<\/p>\n","protected":false},"author":4,"featured_media":109826,"comment_status":"closed","ping_status":"closed","sticky":false,"template":"","format":"standard","meta":{"om_disable_all_campaigns":false,"_jetpack_memberships_contains_paid_content":false,"footnotes":""},"categories":[50,2,103],"tags":[197,33,95,19],"class_list":["post-109823","post","type-post","status-publish","format-standard","has-post-thumbnail","hentry","category-destacadas","category-locales","category-policiales-locales","tag-buenos-aires","tag-locales","tag-policiales","tag-san-pedro"],"aioseo_notices":[],"gutentor_comment":0,"jetpack_featured_media_url":"https:\/\/eldiariodesanpedro.com.ar\/sitio\/wp-content\/uploads\/2022\/08\/WhatsApp-Image-2022-08-17-at-9.40.17-PM.jpeg","jetpack_shortlink":"https:\/\/wp.me\/p6RhLt-szl","jetpack_sharing_enabled":true,"_links":{"self":[{"href":"https:\/\/eldiariodesanpedro.com.ar\/sitio\/wp-json\/wp\/v2\/posts\/109823","targetHints":{"allow":["GET"]}}],"collection":[{"href":"https:\/\/eldiariodesanpedro.com.ar\/sitio\/wp-json\/wp\/v2\/posts"}],"about":[{"href":"https:\/\/eldiariodesanpedro.com.ar\/sitio\/wp-json\/wp\/v2\/types\/post"}],"author":[{"embeddable":true,"href":"https:\/\/eldiariodesanpedro.com.ar\/sitio\/wp-json\/wp\/v2\/users\/4"}],"replies":[{"embeddable":true,"href":"https:\/\/eldiariodesanpedro.com.ar\/sitio\/wp-json\/wp\/v2\/comments?post=109823"}],"version-history":[{"count":3,"href":"https:\/\/eldiariodesanpedro.com.ar\/sitio\/wp-json\/wp\/v2\/posts\/109823\/revisions"}],"predecessor-version":[{"id":109830,"href":"https:\/\/eldiariodesanpedro.com.ar\/sitio\/wp-json\/wp\/v2\/posts\/109823\/revisions\/109830"}],"wp:featuredmedia":[{"embeddable":true,"href":"https:\/\/eldiariodesanpedro.com.ar\/sitio\/wp-json\/wp\/v2\/media\/109826"}],"wp:attachment":[{"href":"https:\/\/eldiariodesanpedro.com.ar\/sitio\/wp-json\/wp\/v2\/media?parent=109823"}],"wp:term":[{"taxonomy":"category","embeddable":true,"href":"https:\/\/eldiariodesanpedro.com.ar\/sitio\/wp-json\/wp\/v2\/categories?post=109823"},{"taxonomy":"post_tag","embeddable":true,"href":"https:\/\/eldiariodesanpedro.com.ar\/sitio\/wp-json\/wp\/v2\/tags?post=109823"}],"curies":[{"name":"wp","href":"https:\/\/api.w.org\/{rel}","templated":true}]}}