{"id":109819,"date":"2022-08-17T15:00:23","date_gmt":"2022-08-17T18:00:23","guid":{"rendered":"https:\/\/eldiariodesanpedro.com.ar\/sitio\/?p=109819"},"modified":"2022-08-17T15:02:19","modified_gmt":"2022-08-17T18:02:19","slug":"este-fin-de-semana-se-realizaran-actividades-por-el-dia-de-las-infancias","status":"publish","type":"post","link":"https:\/\/eldiariodesanpedro.com.ar\/sitio\/este-fin-de-semana-se-realizaran-actividades-por-el-dia-de-las-infancias\/","title":{"rendered":"Este fin de semana se realizaran actividades por el Dia de las Infancias"},"content":{"rendered":"<!-- VideographyWP Plugin Message: Automatic video embedding prevented by plugin options. -->\n\n<p>Esta ma\u00f1ana fueron presentadas las actividades que se desarrollar\u00e1n este fin de semana en el Paseo P\u00fablico en el marco de los festejos por el d\u00eda de las infancias, llevado a cabo conjuntamente por las diferentes \u00e1reas de la Municipalidad de San Pedro que componen la comisi\u00f3n de eventos.<\/p>\n\n\n\n<p>A trav\u00e9s de una conferencia de prensa de la que participaron la Secretaria de Turismo y Cultura, Marcela Cu\u00f1er; el Secretario de Desarrollo Humano, Walter S\u00e1nchez y el Coordinador del programa \u201cAnimate vos Vales\u201d de la Direcci\u00f3n de Deportes, Leonardo Bargues se informaron las actividades que se desarrollar\u00e1n este s\u00e1bado 20 de agosto entre las 15 y las 18 hs. en el Paseo P\u00fablico Municipal donde se ofrecer\u00e1n diferentes propuestas culturales, deportivas y recreativas de manera libre y gratuita.<\/p>\n\n\n\n<p>Durante la jornada se desarrollar\u00e1 un espect\u00e1culo infantil de animaci\u00f3n, canto, baile y juegos a cargo de \u201cZancu-Plin\u201d, un show de magia a cargo de Marcelo Bosch, actividades deportivas en las que se ofrecer\u00e1n diferentes postas donde se practicar\u00e1n los deportes que componen los programas \u201cAnimate vos vales\u201d y \u201cEscuelas Deportivas Municipales\u201d, rutinas de clowns, actividades coordinadas por Bomberos Voluntarios, stands para fotograf\u00edas e inflables. Adem\u00e1s, se entregar\u00e1n bolsitas de golosinas y se compartir\u00e1 una merienda.<\/p>\n\n\n\n<p>La jornada se reiterar\u00e1 el domingo 21 de agosto en el predio de \u201cEl Poncho Pampa\u201d de R\u00edo Tala de 13.30 hs. a 17.30 hs. y el domingo 28 de agosto en la cancha del Club Agricultores en Gobernador Castro.<\/p>\n\n\n\n<iframe data-src=\"https:\/\/www.facebook.com\/plugins\/video.php?height=314&#038;href=https%3A%2F%2Fwww.facebook.com%2Fdiariosp2%2Fvideos%2F1011389006204289%2F&#038;show_text=false&#038;width=560&#038;t=0\" width=\"560\" height=\"314\" style=\"border:none;overflow:hidden\" scrolling=\"no\" frameborder=\"0\" allowfullscreen=\"true\" allow=\"autoplay; clipboard-write; encrypted-media; picture-in-picture; web-share\" allowFullScreen=\"true\" src=\"data:image\/svg+xml;base64,PHN2ZyB3aWR0aD0iMSIgaGVpZ2h0PSIxIiB4bWxucz0iaHR0cDovL3d3dy53My5vcmcvMjAwMC9zdmciPjwvc3ZnPg==\" class=\"lazyload\" data-load-mode=\"1\"><\/iframe>\n","protected":false},"excerpt":{"rendered":"<p>Esta ma\u00f1ana fueron presentadas las actividades que se desarrollar\u00e1n este fin de semana en el Paseo P\u00fablico en el marco de los festejos por el d\u00eda de las infancias, llevado a cabo conjuntamente por las diferentes \u00e1reas de la Municipalidad de San Pedro que componen la comisi\u00f3n de eventos. A trav\u00e9s de una conferencia de [&hellip;]<\/p>\n","protected":false},"author":4,"featured_media":109820,"comment_status":"closed","ping_status":"closed","sticky":false,"template":"","format":"standard","meta":{"om_disable_all_campaigns":false,"_jetpack_memberships_contains_paid_content":false,"footnotes":""},"categories":[50,101,2],"tags":[],"class_list":["post-109819","post","type-post","status-publish","format-standard","has-post-thumbnail","hentry","category-destacadas","category-interes-general-locales","category-locales"],"aioseo_notices":[],"gutentor_comment":0,"jetpack_featured_media_url":"https:\/\/eldiariodesanpedro.com.ar\/sitio\/wp-content\/uploads\/2022\/08\/WhatsApp-Image-2022-08-17-at-12.55.55-PM.jpeg","jetpack_shortlink":"https:\/\/wp.me\/p6RhLt-szh","jetpack_sharing_enabled":true,"_links":{"self":[{"href":"https:\/\/eldiariodesanpedro.com.ar\/sitio\/wp-json\/wp\/v2\/posts\/109819","targetHints":{"allow":["GET"]}}],"collection":[{"href":"https:\/\/eldiariodesanpedro.com.ar\/sitio\/wp-json\/wp\/v2\/posts"}],"about":[{"href":"https:\/\/eldiariodesanpedro.com.ar\/sitio\/wp-json\/wp\/v2\/types\/post"}],"author":[{"embeddable":true,"href":"https:\/\/eldiariodesanpedro.com.ar\/sitio\/wp-json\/wp\/v2\/users\/4"}],"replies":[{"embeddable":true,"href":"https:\/\/eldiariodesanpedro.com.ar\/sitio\/wp-json\/wp\/v2\/comments?post=109819"}],"version-history":[{"count":2,"href":"https:\/\/eldiariodesanpedro.com.ar\/sitio\/wp-json\/wp\/v2\/posts\/109819\/revisions"}],"predecessor-version":[{"id":109822,"href":"https:\/\/eldiariodesanpedro.com.ar\/sitio\/wp-json\/wp\/v2\/posts\/109819\/revisions\/109822"}],"wp:featuredmedia":[{"embeddable":true,"href":"https:\/\/eldiariodesanpedro.com.ar\/sitio\/wp-json\/wp\/v2\/media\/109820"}],"wp:attachment":[{"href":"https:\/\/eldiariodesanpedro.com.ar\/sitio\/wp-json\/wp\/v2\/media?parent=109819"}],"wp:term":[{"taxonomy":"category","embeddable":true,"href":"https:\/\/eldiariodesanpedro.com.ar\/sitio\/wp-json\/wp\/v2\/categories?post=109819"},{"taxonomy":"post_tag","embeddable":true,"href":"https:\/\/eldiariodesanpedro.com.ar\/sitio\/wp-json\/wp\/v2\/tags?post=109819"}],"curies":[{"name":"wp","href":"https:\/\/api.w.org\/{rel}","templated":true}]}}