{"id":109815,"date":"2022-08-17T13:55:02","date_gmt":"2022-08-17T16:55:02","guid":{"rendered":"https:\/\/eldiariodesanpedro.com.ar\/sitio\/?p=109815"},"modified":"2022-08-17T13:55:04","modified_gmt":"2022-08-17T16:55:04","slug":"jornada-de-reflexion-y-debate-sobre-noviazgo-sin-violencia","status":"publish","type":"post","link":"https:\/\/eldiariodesanpedro.com.ar\/sitio\/jornada-de-reflexion-y-debate-sobre-noviazgo-sin-violencia\/","title":{"rendered":"Jornada de reflexi\u00f3n y debate sobre noviazgo sin violencia"},"content":{"rendered":"<!-- VideographyWP Plugin Message: Automatic video embedding prevented by plugin options. -->\n\n<p>En el marco del Programa Municipal \u201cNi\u00f1eces y Adolescencias Protagonistas\u201d profesionales del Servicio Local de Promoci\u00f3n y Protecci\u00f3n de los Derechos de Ni\u00f1os, Ni\u00f1as y Adolescentes dependiente de la Secretar\u00eda de Desarrollo Humano contin\u00faan llevando a cabo jornadas de reflexi\u00f3n y debate sobre noviazgo sin violencia y otras problem\u00e1ticas como Grooming, Sexting y Cyberbullyng.<\/p>\n\n\n\n<p>En esta ocasi\u00f3n la jornada se llev\u00f3 a cabo en la Escuela Secundaria N\u00b0 16 de La Tosquera, junto a personal de la Secretar\u00eda de Pol\u00edticas de G\u00e9nero, Mujeres y Diversidad y de la Comisar\u00eda de la Mujer y la Familia.<\/p>\n\n\n\n<p>Estas jornadas se llevar\u00e1n a cabo durante todo el a\u00f1o en distintos puntos de nuestro partido y con diferentes problem\u00e1ticas para el desarrollo de este programa que tiene como objetivo la promoci\u00f3n de derechos y la prevenci\u00f3n de conflictos y vulneraci\u00f3n de derechos.<\/p>\n\n\n\n<figure class=\"wp-block-image size-large\"><img decoding=\"async\" width=\"1024\" height=\"574\" data-attachment-id=\"109816\" data-permalink=\"https:\/\/eldiariodesanpedro.com.ar\/sitio\/jornada-de-reflexion-y-debate-sobre-noviazgo-sin-violencia\/whatsapp-image-2022-08-17-at-12-01-24-pm\/\" data-orig-file=\"https:\/\/eldiariodesanpedro.com.ar\/sitio\/wp-content\/uploads\/2022\/08\/WhatsApp-Image-2022-08-17-at-12.01.24-PM.jpeg\" data-orig-size=\"1123,630\" data-comments-opened=\"0\" data-image-meta=\"{&quot;aperture&quot;:&quot;0&quot;,&quot;credit&quot;:&quot;&quot;,&quot;camera&quot;:&quot;&quot;,&quot;caption&quot;:&quot;&quot;,&quot;created_timestamp&quot;:&quot;0&quot;,&quot;copyright&quot;:&quot;&quot;,&quot;focal_length&quot;:&quot;0&quot;,&quot;iso&quot;:&quot;0&quot;,&quot;shutter_speed&quot;:&quot;0&quot;,&quot;title&quot;:&quot;&quot;,&quot;orientation&quot;:&quot;0&quot;}\" data-image-title=\"WhatsApp Image 2022-08-17 at 12.01.24 PM\" data-image-description=\"\" data-image-caption=\"\" data-large-file=\"https:\/\/eldiariodesanpedro.com.ar\/sitio\/wp-content\/uploads\/2022\/08\/WhatsApp-Image-2022-08-17-at-12.01.24-PM-1024x574.jpeg\" data-src=\"https:\/\/eldiariodesanpedro.com.ar\/sitio\/wp-content\/uploads\/2022\/08\/WhatsApp-Image-2022-08-17-at-12.01.24-PM-1024x574.jpeg\" alt=\"\" class=\"wp-image-109816 lazyload\" data-srcset=\"https:\/\/eldiariodesanpedro.com.ar\/sitio\/wp-content\/uploads\/2022\/08\/WhatsApp-Image-2022-08-17-at-12.01.24-PM-1024x574.jpeg 1024w, https:\/\/eldiariodesanpedro.com.ar\/sitio\/wp-content\/uploads\/2022\/08\/WhatsApp-Image-2022-08-17-at-12.01.24-PM-300x168.jpeg 300w, https:\/\/eldiariodesanpedro.com.ar\/sitio\/wp-content\/uploads\/2022\/08\/WhatsApp-Image-2022-08-17-at-12.01.24-PM-768x431.jpeg 768w, https:\/\/eldiariodesanpedro.com.ar\/sitio\/wp-content\/uploads\/2022\/08\/WhatsApp-Image-2022-08-17-at-12.01.24-PM.jpeg 1123w\" data-sizes=\"(max-width: 1024px) 100vw, 1024px\" src=\"data:image\/svg+xml;base64,PHN2ZyB3aWR0aD0iMSIgaGVpZ2h0PSIxIiB4bWxucz0iaHR0cDovL3d3dy53My5vcmcvMjAwMC9zdmciPjwvc3ZnPg==\" style=\"--smush-placeholder-width: 1024px; --smush-placeholder-aspect-ratio: 1024\/574;\" \/><\/figure>\n","protected":false},"excerpt":{"rendered":"<p>En el marco del Programa Municipal \u201cNi\u00f1eces y Adolescencias Protagonistas\u201d profesionales del Servicio Local de Promoci\u00f3n y Protecci\u00f3n de los Derechos de Ni\u00f1os, Ni\u00f1as y Adolescentes dependiente de la Secretar\u00eda de Desarrollo Humano contin\u00faan llevando a cabo jornadas de reflexi\u00f3n y debate sobre noviazgo sin violencia y otras problem\u00e1ticas como Grooming, Sexting y Cyberbullyng. En [&hellip;]<\/p>\n","protected":false},"author":4,"featured_media":109817,"comment_status":"closed","ping_status":"closed","sticky":false,"template":"","format":"standard","meta":{"om_disable_all_campaigns":false,"_jetpack_memberships_contains_paid_content":false,"footnotes":""},"categories":[50,101,2],"tags":[197,696,33,19],"class_list":["post-109815","post","type-post","status-publish","format-standard","has-post-thumbnail","hentry","category-destacadas","category-interes-general-locales","category-locales","tag-buenos-aires","tag-interes-general","tag-locales","tag-san-pedro"],"aioseo_notices":[],"gutentor_comment":0,"jetpack_featured_media_url":"https:\/\/eldiariodesanpedro.com.ar\/sitio\/wp-content\/uploads\/2022\/08\/WhatsApp-Image-2022-08-17-at-12.01.25-PM.jpeg","jetpack_shortlink":"https:\/\/wp.me\/p6RhLt-szd","jetpack_sharing_enabled":true,"_links":{"self":[{"href":"https:\/\/eldiariodesanpedro.com.ar\/sitio\/wp-json\/wp\/v2\/posts\/109815","targetHints":{"allow":["GET"]}}],"collection":[{"href":"https:\/\/eldiariodesanpedro.com.ar\/sitio\/wp-json\/wp\/v2\/posts"}],"about":[{"href":"https:\/\/eldiariodesanpedro.com.ar\/sitio\/wp-json\/wp\/v2\/types\/post"}],"author":[{"embeddable":true,"href":"https:\/\/eldiariodesanpedro.com.ar\/sitio\/wp-json\/wp\/v2\/users\/4"}],"replies":[{"embeddable":true,"href":"https:\/\/eldiariodesanpedro.com.ar\/sitio\/wp-json\/wp\/v2\/comments?post=109815"}],"version-history":[{"count":1,"href":"https:\/\/eldiariodesanpedro.com.ar\/sitio\/wp-json\/wp\/v2\/posts\/109815\/revisions"}],"predecessor-version":[{"id":109818,"href":"https:\/\/eldiariodesanpedro.com.ar\/sitio\/wp-json\/wp\/v2\/posts\/109815\/revisions\/109818"}],"wp:featuredmedia":[{"embeddable":true,"href":"https:\/\/eldiariodesanpedro.com.ar\/sitio\/wp-json\/wp\/v2\/media\/109817"}],"wp:attachment":[{"href":"https:\/\/eldiariodesanpedro.com.ar\/sitio\/wp-json\/wp\/v2\/media?parent=109815"}],"wp:term":[{"taxonomy":"category","embeddable":true,"href":"https:\/\/eldiariodesanpedro.com.ar\/sitio\/wp-json\/wp\/v2\/categories?post=109815"},{"taxonomy":"post_tag","embeddable":true,"href":"https:\/\/eldiariodesanpedro.com.ar\/sitio\/wp-json\/wp\/v2\/tags?post=109815"}],"curies":[{"name":"wp","href":"https:\/\/api.w.org\/{rel}","templated":true}]}}