{"id":109811,"date":"2022-08-17T11:53:37","date_gmt":"2022-08-17T14:53:37","guid":{"rendered":"https:\/\/eldiariodesanpedro.com.ar\/sitio\/?p=109811"},"modified":"2022-08-17T11:53:38","modified_gmt":"2022-08-17T14:53:38","slug":"dos-nuevos-armadillos-gigantes-en-el-museo-paleontologico","status":"publish","type":"post","link":"https:\/\/eldiariodesanpedro.com.ar\/sitio\/dos-nuevos-armadillos-gigantes-en-el-museo-paleontologico\/","title":{"rendered":"Dos nuevos armadillos gigantes en el Museo Paleontol\u00f3gico"},"content":{"rendered":"<!-- VideographyWP Plugin Message: Automatic video embedding prevented by plugin options. -->\n\n<p>El Museo Paleontol\u00f3gico presenta dos nuevos ejemplares de armadillos gigantes de la especie Glyptodon munizi.<\/p>\n\n\n\n<p>Son f\u00f3siles de 700.000 a\u00f1os de antig\u00fcedad que fueron recuperados en el predio de la empresa Tosquera San Pedro, en junio de 2017 y enero de 2018.<\/p>\n\n\n\n<p>De uno se extrajo la coraza junto a un f\u00e9mur, tibia y f\u00edbula, pelvis y una v\u00e9rtebra del cuello.<\/p>\n\n\n\n<p>Del segundo, tambi\u00e9n gran parte de la coraza, una rama mandibular y parte de la columna vertebral.<\/p>\n\n\n\n<p>El hallazgo de estos dos ejemplares no hubiera sido posible sin la predisposici\u00f3n de la familia Iglesias, propietaria del predio donde se descubrieron y del maquinista de aquel momento, Sr. Fausto Capre, que dio aviso al Museo.<\/p>\n\n\n\n<p>En la recuperaci\u00f3n y montaje de estos f\u00f3siles participaron integrantes del Grupo Conservacionista: Jorge Mart\u00ednez, Julio Simonini, Javier Saucedo, Germ\u00e1n, David y Gabriel Tettamanti, Fernando Chiodini, Mat\u00edas Swistun, Walter Parra y Jos\u00e9 Luis Aguilar.<\/p>\n\n\n\n<p>En la preparaci\u00f3n de los materiales colaboraron los j\u00f3venes Javier Fontanello, Sof\u00eda Acosta, Martina Pereiro, Martina Hern\u00e1ndez, Milena Momo, In\u00e9s O\u00b4Riordon, Juana Morales y Josefina Ucero.<\/p>\n\n\n\n<p>Los trabajos de limpieza fueron parados por la pandemia pero se reanudaron en los \u00faltimos meses, cuando el grupo dedic\u00f3 muchas horas para poder retirar las dur\u00edsimas capas de tosca que envolv\u00edan a estos animales f\u00f3siles.<\/p>\n\n\n\n<p>A finales de agosto, becarios de CONICET, dirigidos por el Dr. Alfredo Zurita, investigador del Centro de Ecolog\u00eda Aplicada del Litoral y Universidad Nacional del Nordeste, llegar\u00e1n a San Pedro para comenzar el estudio conjunto de estos ejemplares.<\/p>\n\n\n\n<p>Desde hoy, se exhiben en las Salas 1 y 2 y pasan a ser las dos piezas f\u00f3siles m\u00e1s grandes en la colecci\u00f3n del Museo Paleontol\u00f3gico de San Pedro.<\/p>\n\n\n\n<iframe data-src=\"https:\/\/www.facebook.com\/plugins\/video.php?height=314&#038;href=https%3A%2F%2Fwww.facebook.com%2Fdiariosp2%2Fvideos%2F637390664183451%2F&#038;show_text=false&#038;width=560&#038;t=0\" width=\"560\" height=\"314\" style=\"border:none;overflow:hidden\" scrolling=\"no\" frameborder=\"0\" allowfullscreen=\"true\" allow=\"autoplay; clipboard-write; encrypted-media; picture-in-picture; web-share\" allowFullScreen=\"true\" src=\"data:image\/svg+xml;base64,PHN2ZyB3aWR0aD0iMSIgaGVpZ2h0PSIxIiB4bWxucz0iaHR0cDovL3d3dy53My5vcmcvMjAwMC9zdmciPjwvc3ZnPg==\" class=\"lazyload\" data-load-mode=\"1\"><\/iframe>\n\n\n\n<figure class=\"wp-block-image size-large\"><img decoding=\"async\" width=\"1024\" height=\"576\" data-attachment-id=\"109813\" data-permalink=\"https:\/\/eldiariodesanpedro.com.ar\/sitio\/dos-nuevos-armadillos-gigantes-en-el-museo-paleontologico\/whatsapp-image-2022-08-17-at-11-23-12-am\/\" data-orig-file=\"https:\/\/eldiariodesanpedro.com.ar\/sitio\/wp-content\/uploads\/2022\/08\/WhatsApp-Image-2022-08-17-at-11.23.12-AM.jpeg\" data-orig-size=\"1120,630\" data-comments-opened=\"0\" data-image-meta=\"{&quot;aperture&quot;:&quot;0&quot;,&quot;credit&quot;:&quot;&quot;,&quot;camera&quot;:&quot;&quot;,&quot;caption&quot;:&quot;&quot;,&quot;created_timestamp&quot;:&quot;0&quot;,&quot;copyright&quot;:&quot;&quot;,&quot;focal_length&quot;:&quot;0&quot;,&quot;iso&quot;:&quot;0&quot;,&quot;shutter_speed&quot;:&quot;0&quot;,&quot;title&quot;:&quot;&quot;,&quot;orientation&quot;:&quot;0&quot;}\" data-image-title=\"WhatsApp Image 2022-08-17 at 11.23.12 AM\" data-image-description=\"\" data-image-caption=\"\" data-large-file=\"https:\/\/eldiariodesanpedro.com.ar\/sitio\/wp-content\/uploads\/2022\/08\/WhatsApp-Image-2022-08-17-at-11.23.12-AM-1024x576.jpeg\" data-src=\"https:\/\/eldiariodesanpedro.com.ar\/sitio\/wp-content\/uploads\/2022\/08\/WhatsApp-Image-2022-08-17-at-11.23.12-AM-1024x576.jpeg\" alt=\"\" class=\"wp-image-109813 lazyload\" data-srcset=\"https:\/\/eldiariodesanpedro.com.ar\/sitio\/wp-content\/uploads\/2022\/08\/WhatsApp-Image-2022-08-17-at-11.23.12-AM-1024x576.jpeg 1024w, https:\/\/eldiariodesanpedro.com.ar\/sitio\/wp-content\/uploads\/2022\/08\/WhatsApp-Image-2022-08-17-at-11.23.12-AM-300x169.jpeg 300w, https:\/\/eldiariodesanpedro.com.ar\/sitio\/wp-content\/uploads\/2022\/08\/WhatsApp-Image-2022-08-17-at-11.23.12-AM-768x432.jpeg 768w, https:\/\/eldiariodesanpedro.com.ar\/sitio\/wp-content\/uploads\/2022\/08\/WhatsApp-Image-2022-08-17-at-11.23.12-AM.jpeg 1120w\" data-sizes=\"(max-width: 1024px) 100vw, 1024px\" src=\"data:image\/svg+xml;base64,PHN2ZyB3aWR0aD0iMSIgaGVpZ2h0PSIxIiB4bWxucz0iaHR0cDovL3d3dy53My5vcmcvMjAwMC9zdmciPjwvc3ZnPg==\" style=\"--smush-placeholder-width: 1024px; --smush-placeholder-aspect-ratio: 1024\/576;\" \/><\/figure>\n","protected":false},"excerpt":{"rendered":"<p>El Museo Paleontol\u00f3gico presenta dos nuevos ejemplares de armadillos gigantes de la especie Glyptodon munizi. Son f\u00f3siles de 700.000 a\u00f1os de antig\u00fcedad que fueron recuperados en el predio de la empresa Tosquera San Pedro, en junio de 2017 y enero de 2018. De uno se extrajo la coraza junto a un f\u00e9mur, tibia y f\u00edbula, [&hellip;]<\/p>\n","protected":false},"author":4,"featured_media":109812,"comment_status":"closed","ping_status":"closed","sticky":false,"template":"","format":"standard","meta":{"om_disable_all_campaigns":false,"_jetpack_memberships_contains_paid_content":false,"footnotes":""},"categories":[50,101,2],"tags":[197,696,33,19],"class_list":["post-109811","post","type-post","status-publish","format-standard","has-post-thumbnail","hentry","category-destacadas","category-interes-general-locales","category-locales","tag-buenos-aires","tag-interes-general","tag-locales","tag-san-pedro"],"aioseo_notices":[],"gutentor_comment":0,"jetpack_featured_media_url":"https:\/\/eldiariodesanpedro.com.ar\/sitio\/wp-content\/uploads\/2022\/08\/WhatsApp-Image-2022-08-17-at-11.23.11-AM.jpeg","jetpack_shortlink":"https:\/\/wp.me\/p6RhLt-sz9","jetpack_sharing_enabled":true,"_links":{"self":[{"href":"https:\/\/eldiariodesanpedro.com.ar\/sitio\/wp-json\/wp\/v2\/posts\/109811","targetHints":{"allow":["GET"]}}],"collection":[{"href":"https:\/\/eldiariodesanpedro.com.ar\/sitio\/wp-json\/wp\/v2\/posts"}],"about":[{"href":"https:\/\/eldiariodesanpedro.com.ar\/sitio\/wp-json\/wp\/v2\/types\/post"}],"author":[{"embeddable":true,"href":"https:\/\/eldiariodesanpedro.com.ar\/sitio\/wp-json\/wp\/v2\/users\/4"}],"replies":[{"embeddable":true,"href":"https:\/\/eldiariodesanpedro.com.ar\/sitio\/wp-json\/wp\/v2\/comments?post=109811"}],"version-history":[{"count":1,"href":"https:\/\/eldiariodesanpedro.com.ar\/sitio\/wp-json\/wp\/v2\/posts\/109811\/revisions"}],"predecessor-version":[{"id":109814,"href":"https:\/\/eldiariodesanpedro.com.ar\/sitio\/wp-json\/wp\/v2\/posts\/109811\/revisions\/109814"}],"wp:featuredmedia":[{"embeddable":true,"href":"https:\/\/eldiariodesanpedro.com.ar\/sitio\/wp-json\/wp\/v2\/media\/109812"}],"wp:attachment":[{"href":"https:\/\/eldiariodesanpedro.com.ar\/sitio\/wp-json\/wp\/v2\/media?parent=109811"}],"wp:term":[{"taxonomy":"category","embeddable":true,"href":"https:\/\/eldiariodesanpedro.com.ar\/sitio\/wp-json\/wp\/v2\/categories?post=109811"},{"taxonomy":"post_tag","embeddable":true,"href":"https:\/\/eldiariodesanpedro.com.ar\/sitio\/wp-json\/wp\/v2\/tags?post=109811"}],"curies":[{"name":"wp","href":"https:\/\/api.w.org\/{rel}","templated":true}]}}