{"id":109798,"date":"2022-08-16T22:05:54","date_gmt":"2022-08-17T01:05:54","guid":{"rendered":"https:\/\/eldiariodesanpedro.com.ar\/sitio\/?p=109798"},"modified":"2022-08-16T22:05:55","modified_gmt":"2022-08-17T01:05:55","slug":"oficio-de-blanco-rodrigo-uriel-s-abrigo","status":"publish","type":"post","link":"https:\/\/eldiariodesanpedro.com.ar\/sitio\/oficio-de-blanco-rodrigo-uriel-s-abrigo\/","title":{"rendered":"Oficio de Blanco Rodrigo Uriel S\/ Abrigo"},"content":{"rendered":"<!-- VideographyWP Plugin Message: Automatic video embedding prevented by plugin options. -->\n\n<p>San Nicol\u00e1s, 12 de agosto de 2022.- <br>A \\El Diario de San Pedro\\ <br>Su Despacho<\/p>\n\n\n\n<p>En los autos caratulados: \\<strong>Blanco Rodrigo Uriel S\/ Abrigo<\/strong>\\, expte N\u00ba 52248, en tr\u00e1mite ante el Juzgado de Familia nro. 3, Secretar\u00eda a mi cargo, del Departamento Judicial de San Nicol\u00e1s dirijo a Ud. el presente por disposici\u00f3n judicial a fin de que tenga a bien publicar por el t\u00e9rmino de tres d\u00edas las resoluciones dictadas en autos, dejando constancia que la publicaci\u00f3n requerida, se efectivice sin cargo alguno, atento a que se trata de proteger de los derechos de dos ni\u00f1as, asistidas por distintos organismos p\u00fablicos, sin patrocinio letrado particular y no contando con medios para afrontar los gastos que implican la publiaci\u00f3n.-<\/p>\n\n\n\n<p>A saber: San Nicol\u00e1s 12 de marzo de 2022. AUTOS Y VISTOS: &#8230; RESULTA:&#8230;CONSIDERANDO:&#8230; RESUELVO:1) DECRETAR LA LEGALIDAD de la medida de protecci\u00f3n de derechos en Instituci\u00f3n Casa de Abrigo Domingo F. Sarmieto dispuesta en fecha 22 de febrero de 2021 respecto de R. U. B. , DNI 48.498.645 por el t\u00e9rmino m\u00e1ximo contemplado por la nueva ley provincial (art. 3 de la ley 14.537) que incorporara el art\u00edculo 35 bis de la ley 13.298, en consonancia con lo dispuesto por los art\u00edculos 9, 19 y concordantes de la CIDN de raigambre constitucional, seg\u00fan Art. 75 inc 22 CN y hacerle saber al Servicio Local que durante el plazo establecido implementar las medidas adecuadas para la protecci\u00f3n de los derechos del ni\u00f1o, remover los obst\u00e1culos detallados y facilitar siempre que sea posible su retorno al seno familiar (ley 13.298; 13.634; 14.428; 14.537, sus modificatorias y decretos reglamentarios y la Convenci\u00f3n sobre los Derechos del Ni\u00f1o).- &#8230; .- 3) Dejar constancia de la presente en el banco de datos del NNA del Registro Central de Aspirantes a Guarda con Fines de Adopci\u00f3n por Secretar\u00eda. NOTIFIQUESE al progenitor del menor mediante oficio policial (para la cual deber\u00e1 investigarse su paradero actual; a su hermano Leonel Castagnola; a la Sra. Asesora de incapaces a su domicilio electr\u00f3nico de su publico despacho y al Servicio Local mediante oficio.- &#8230;\\ MARIA ALEJANDRA SIVORI &#8211; JUEZ DE FAMILIA.- y \\San Nicol\u00e1s 04 de agosto de 2022.- Al escrito de fecha 03\/08\/22: AL Pto I.- &#8230;y atento a lo peticionado notifiquese la resoluci\u00f3n de fecha 12\/03\/21, mediante EDICTO JUDICIAL a publicarse por un d\u00eda en el Bolet\u00edn Judicial y por tres d\u00edas en el \u201cDiario Local de Baradero\u201d, para que comparezcan los Sres. Blanco Roberto Omar y Castagnola Leonel a tomar intervenci\u00f3n en autos en el plazo de 30 d\u00edas.-<\/p>\n\n\n\n<p>MARIA ALEJANDRA SIVORI<br>JUEZ DE FAMILIA<\/p>\n\n\n\n<p>(Publicaci\u00f3n V\u00e1lida por los d\u00edas 16 de agosto de 2022)&nbsp;<br><a href=\"https:\/\/notificaciones.scba.gov.ar\/verificarnotificacion.aspx?codNotif=M6F3PP\">https:\/\/notificaciones.scba.gov.ar\/verificarnotificacion.aspx?codNotif=M6F3PP<\/a>&nbsp;<\/p>\n","protected":false},"excerpt":{"rendered":"<p>San Nicol\u00e1s, 12 de agosto de 2022.- A \\El Diario de San Pedro\\ Su Despacho En los autos caratulados: \\Blanco Rodrigo Uriel S\/ Abrigo\\, expte N\u00ba 52248, en tr\u00e1mite ante el Juzgado de Familia nro. 3, Secretar\u00eda a mi cargo, del Departamento Judicial de San Nicol\u00e1s dirijo a Ud. el presente por disposici\u00f3n judicial a [&hellip;]<\/p>\n","protected":false},"author":4,"featured_media":102746,"comment_status":"closed","ping_status":"closed","sticky":false,"template":"","format":"standard","meta":{"om_disable_all_campaigns":false,"_jetpack_memberships_contains_paid_content":false,"footnotes":""},"categories":[676,1124],"tags":[197,1121,696,1355,33,19],"class_list":["post-109798","post","type-post","status-publish","format-standard","has-post-thumbnail","hentry","category-edictos","category-edictos-especiales","tag-buenos-aires","tag-edicto","tag-interes-general","tag-judiciales","tag-locales","tag-san-pedro"],"aioseo_notices":[],"gutentor_comment":0,"jetpack_featured_media_url":"https:\/\/eldiariodesanpedro.com.ar\/sitio\/wp-content\/uploads\/2022\/01\/EDICTO.jpg","jetpack_shortlink":"https:\/\/wp.me\/p6RhLt-syW","jetpack_sharing_enabled":true,"_links":{"self":[{"href":"https:\/\/eldiariodesanpedro.com.ar\/sitio\/wp-json\/wp\/v2\/posts\/109798","targetHints":{"allow":["GET"]}}],"collection":[{"href":"https:\/\/eldiariodesanpedro.com.ar\/sitio\/wp-json\/wp\/v2\/posts"}],"about":[{"href":"https:\/\/eldiariodesanpedro.com.ar\/sitio\/wp-json\/wp\/v2\/types\/post"}],"author":[{"embeddable":true,"href":"https:\/\/eldiariodesanpedro.com.ar\/sitio\/wp-json\/wp\/v2\/users\/4"}],"replies":[{"embeddable":true,"href":"https:\/\/eldiariodesanpedro.com.ar\/sitio\/wp-json\/wp\/v2\/comments?post=109798"}],"version-history":[{"count":1,"href":"https:\/\/eldiariodesanpedro.com.ar\/sitio\/wp-json\/wp\/v2\/posts\/109798\/revisions"}],"predecessor-version":[{"id":109799,"href":"https:\/\/eldiariodesanpedro.com.ar\/sitio\/wp-json\/wp\/v2\/posts\/109798\/revisions\/109799"}],"wp:featuredmedia":[{"embeddable":true,"href":"https:\/\/eldiariodesanpedro.com.ar\/sitio\/wp-json\/wp\/v2\/media\/102746"}],"wp:attachment":[{"href":"https:\/\/eldiariodesanpedro.com.ar\/sitio\/wp-json\/wp\/v2\/media?parent=109798"}],"wp:term":[{"taxonomy":"category","embeddable":true,"href":"https:\/\/eldiariodesanpedro.com.ar\/sitio\/wp-json\/wp\/v2\/categories?post=109798"},{"taxonomy":"post_tag","embeddable":true,"href":"https:\/\/eldiariodesanpedro.com.ar\/sitio\/wp-json\/wp\/v2\/tags?post=109798"}],"curies":[{"name":"wp","href":"https:\/\/api.w.org\/{rel}","templated":true}]}}