{"id":109784,"date":"2022-08-16T13:41:43","date_gmt":"2022-08-16T16:41:43","guid":{"rendered":"https:\/\/eldiariodesanpedro.com.ar\/sitio\/?p=109784"},"modified":"2022-08-16T13:41:44","modified_gmt":"2022-08-16T16:41:44","slug":"carlos-fara-en-el-centro-de-comercio-una-mirada-hacia-la-argentina-del-futuro","status":"publish","type":"post","link":"https:\/\/eldiariodesanpedro.com.ar\/sitio\/carlos-fara-en-el-centro-de-comercio-una-mirada-hacia-la-argentina-del-futuro\/","title":{"rendered":"Carlos Fara en el Centro de Comercio \u00abUna mirada hacia la Argentina del futuro\u00bb"},"content":{"rendered":"<!-- VideographyWP Plugin Message: Automatic video embedding prevented by plugin options. -->\n\n<p>El Centro de Comercio, Industria y Turismo invita &nbsp;para el pr\u00f3ximo&nbsp;<strong>viernes 19 de agosto a las 20,<\/strong>&nbsp;a la charla que ofrecer\u00e1 en el Auditorio H\u00e9ctor Padula de la entidad, el consultor pol\u00edtico Carlos Fara.<\/p>\n\n\n\n<p>Con \u00abUna mirada hacia la Argentina del futuro\u00bb como punto de partida, la instituci\u00f3n comparte con empresarios, emprendedores, comerciantes, prestadores de servicios, dirigentes y p\u00fablico en general esta excelente oportunidad para escuchar a un prestigioso especialista en un momento trascendental del pa\u00eds.<\/p>\n\n\n\n<p>Fara, es presidente de Carlos Fara y Asociados, ha participado en m\u00e1s de 180 campa\u00f1as electorales y que ha sido presidente de Asociaci\u00f3n Latinoamericana de Consultores Pol\u00edticos (ALaCoP) y fue el primer presidente de la Asociaci\u00f3n Argentina de Consultores Pol\u00edticos (AsACoP)adem\u00e1s de mantener una presencia permanente como columnista en diarios nacionales e internacionales.<\/p>\n\n\n\n<p><strong>La actividad es libre y gratuita, previa inscripci\u00f3n \u00a0v\u00eda correo electr\u00f3nico a\u00a0<a rel=\"noreferrer noopener\" href=\"mailto:cciteducacion@gmail.com\" target=\"_blank\">cciteducacion@gmail.com<\/a><\/strong><\/p>\n\n\n\n<figure class=\"wp-block-image size-full\"><img decoding=\"async\" width=\"630\" height=\"630\" data-attachment-id=\"109785\" data-permalink=\"https:\/\/eldiariodesanpedro.com.ar\/sitio\/carlos-fara-en-el-centro-de-comercio-una-mirada-hacia-la-argentina-del-futuro\/fara\/\" data-orig-file=\"https:\/\/eldiariodesanpedro.com.ar\/sitio\/wp-content\/uploads\/2022\/08\/FARA.jpeg\" data-orig-size=\"630,630\" data-comments-opened=\"0\" data-image-meta=\"{&quot;aperture&quot;:&quot;0&quot;,&quot;credit&quot;:&quot;&quot;,&quot;camera&quot;:&quot;&quot;,&quot;caption&quot;:&quot;&quot;,&quot;created_timestamp&quot;:&quot;0&quot;,&quot;copyright&quot;:&quot;&quot;,&quot;focal_length&quot;:&quot;0&quot;,&quot;iso&quot;:&quot;0&quot;,&quot;shutter_speed&quot;:&quot;0&quot;,&quot;title&quot;:&quot;&quot;,&quot;orientation&quot;:&quot;0&quot;}\" data-image-title=\"FARA\" data-image-description=\"\" data-image-caption=\"\" data-large-file=\"https:\/\/eldiariodesanpedro.com.ar\/sitio\/wp-content\/uploads\/2022\/08\/FARA.jpeg\" data-src=\"https:\/\/eldiariodesanpedro.com.ar\/sitio\/wp-content\/uploads\/2022\/08\/FARA.jpeg\" alt=\"\" class=\"wp-image-109785 lazyload\" data-srcset=\"https:\/\/eldiariodesanpedro.com.ar\/sitio\/wp-content\/uploads\/2022\/08\/FARA.jpeg 630w, https:\/\/eldiariodesanpedro.com.ar\/sitio\/wp-content\/uploads\/2022\/08\/FARA-300x300.jpeg 300w, https:\/\/eldiariodesanpedro.com.ar\/sitio\/wp-content\/uploads\/2022\/08\/FARA-150x150.jpeg 150w\" data-sizes=\"(max-width: 630px) 100vw, 630px\" src=\"data:image\/svg+xml;base64,PHN2ZyB3aWR0aD0iMSIgaGVpZ2h0PSIxIiB4bWxucz0iaHR0cDovL3d3dy53My5vcmcvMjAwMC9zdmciPjwvc3ZnPg==\" style=\"--smush-placeholder-width: 630px; --smush-placeholder-aspect-ratio: 630\/630;\" \/><\/figure>\n","protected":false},"excerpt":{"rendered":"<p>El Centro de Comercio, Industria y Turismo invita &nbsp;para el pr\u00f3ximo&nbsp;viernes 19 de agosto a las 20,&nbsp;a la charla que ofrecer\u00e1 en el Auditorio H\u00e9ctor Padula de la entidad, el consultor pol\u00edtico Carlos Fara. Con \u00abUna mirada hacia la Argentina del futuro\u00bb como punto de partida, la instituci\u00f3n comparte con empresarios, emprendedores, comerciantes, prestadores de [&hellip;]<\/p>\n","protected":false},"author":4,"featured_media":109786,"comment_status":"closed","ping_status":"closed","sticky":false,"template":"","format":"standard","meta":{"om_disable_all_campaigns":false,"_jetpack_memberships_contains_paid_content":false,"footnotes":""},"categories":[101,2],"tags":[197,696,33,19],"class_list":["post-109784","post","type-post","status-publish","format-standard","has-post-thumbnail","hentry","category-interes-general-locales","category-locales","tag-buenos-aires","tag-interes-general","tag-locales","tag-san-pedro"],"aioseo_notices":[],"gutentor_comment":0,"jetpack_featured_media_url":"https:\/\/eldiariodesanpedro.com.ar\/sitio\/wp-content\/uploads\/2022\/08\/Fara-Carlos.jpg","jetpack_shortlink":"https:\/\/wp.me\/p6RhLt-syI","jetpack_sharing_enabled":true,"_links":{"self":[{"href":"https:\/\/eldiariodesanpedro.com.ar\/sitio\/wp-json\/wp\/v2\/posts\/109784","targetHints":{"allow":["GET"]}}],"collection":[{"href":"https:\/\/eldiariodesanpedro.com.ar\/sitio\/wp-json\/wp\/v2\/posts"}],"about":[{"href":"https:\/\/eldiariodesanpedro.com.ar\/sitio\/wp-json\/wp\/v2\/types\/post"}],"author":[{"embeddable":true,"href":"https:\/\/eldiariodesanpedro.com.ar\/sitio\/wp-json\/wp\/v2\/users\/4"}],"replies":[{"embeddable":true,"href":"https:\/\/eldiariodesanpedro.com.ar\/sitio\/wp-json\/wp\/v2\/comments?post=109784"}],"version-history":[{"count":1,"href":"https:\/\/eldiariodesanpedro.com.ar\/sitio\/wp-json\/wp\/v2\/posts\/109784\/revisions"}],"predecessor-version":[{"id":109787,"href":"https:\/\/eldiariodesanpedro.com.ar\/sitio\/wp-json\/wp\/v2\/posts\/109784\/revisions\/109787"}],"wp:featuredmedia":[{"embeddable":true,"href":"https:\/\/eldiariodesanpedro.com.ar\/sitio\/wp-json\/wp\/v2\/media\/109786"}],"wp:attachment":[{"href":"https:\/\/eldiariodesanpedro.com.ar\/sitio\/wp-json\/wp\/v2\/media?parent=109784"}],"wp:term":[{"taxonomy":"category","embeddable":true,"href":"https:\/\/eldiariodesanpedro.com.ar\/sitio\/wp-json\/wp\/v2\/categories?post=109784"},{"taxonomy":"post_tag","embeddable":true,"href":"https:\/\/eldiariodesanpedro.com.ar\/sitio\/wp-json\/wp\/v2\/tags?post=109784"}],"curies":[{"name":"wp","href":"https:\/\/api.w.org\/{rel}","templated":true}]}}