{"id":109781,"date":"2022-08-16T12:48:49","date_gmt":"2022-08-16T15:48:49","guid":{"rendered":"https:\/\/eldiariodesanpedro.com.ar\/sitio\/?p=109781"},"modified":"2022-08-16T12:48:50","modified_gmt":"2022-08-16T15:48:50","slug":"sentada-frente-a-la-escuela-normal-en-reclamo-a-los-problemas-edilicios-del-establecimiento","status":"publish","type":"post","link":"https:\/\/eldiariodesanpedro.com.ar\/sitio\/sentada-frente-a-la-escuela-normal-en-reclamo-a-los-problemas-edilicios-del-establecimiento\/","title":{"rendered":"Sentada frente a la escuela normal en reclamo a los problemas edilicios del establecimiento"},"content":{"rendered":"<!-- VideographyWP Plugin Message: Automatic video embedding prevented by plugin options. -->\n\n<p>Alumnos y alumnas de la Escuela Normal realizan hoy la sentada que fue postergada hace dos semanas, en reclamo por mejoras en las condiciones edilicias del establecimiento.&nbsp;<\/p>\n\n\n\n<p>Los estudiantes de nivel secundario manifiestan en la puerta del hist\u00f3rico edificio de calle Bottaro 995.\u00a0<\/p>\n\n\n\n<p>Si bien la sentada hab\u00eda sido suspendida por pedido de las autoridades para resolver los inconvenientes que originaron el planteo, finalmente en la \u00faltima semana decidieron retomar la protesta.&nbsp;<\/p>\n\n\n\n<p>En su momento, los estudiantes hab\u00edan explicado el origen del reclamo: \u00abEl problema es que apenas arrancamos el a\u00f1o nos pusieron en el laboratorio a estar 5 horas, 5 d\u00edas a la semana sentados en banquetas altas sin respaldo que nos produc\u00eda mucho dolor de espalda\u00bb.<\/p>\n\n\n\n<p>Si bien remarcan que intentaron que les den clases \u00aben un sal\u00f3n como corresponde\u00bb, lo \u00fanico que lograron \u00abes rotar entre la biblioteca, el laboratorio y solo un d\u00eda estar en en un sal\u00f3n\u00bb. Luego quedaron fijos en la biblitoeca \u00abque queda en el piso de arriba\u00bb&nbsp;<\/p>\n\n\n\n<p>Uno de sus compa\u00f1eros, agrega, \u00abtuvo un esguince y reclamamos un sal\u00f3n ya que no pod\u00eda subir las escaleras, y en vez de darnos un sal\u00f3n como corresponde hicieron que nuestro compa\u00f1ero se volviera a la casa\u00bb. De manera contundente, criticaron esa medida: \u00abNo es justo que un alumno tenga que irse de la escuela por un accidente que no afecta su aprendizaje. Hablamos con la directora y lo \u00fanico que conseguimos fue que nos cambien al laboratorio por dos d\u00edas, despu\u00e9s nos cambiaron 3 veces de lugar en un mismo dia y terminamos subiendo a la biblioteca con nuestro compa\u00f1ero sin todav\u00eda recuperarse\u00bb.<\/p>\n","protected":false},"excerpt":{"rendered":"<p>Alumnos y alumnas de la Escuela Normal realizan hoy la sentada que fue postergada hace dos semanas, en reclamo por mejoras en las condiciones edilicias del establecimiento.&nbsp; Los estudiantes de nivel secundario manifiestan en la puerta del hist\u00f3rico edificio de calle Bottaro 995.\u00a0 Si bien la sentada hab\u00eda sido suspendida por pedido de las autoridades [&hellip;]<\/p>\n","protected":false},"author":4,"featured_media":109782,"comment_status":"closed","ping_status":"closed","sticky":false,"template":"","format":"standard","meta":{"om_disable_all_campaigns":false,"_jetpack_memberships_contains_paid_content":false,"footnotes":""},"categories":[50,101,2],"tags":[],"class_list":["post-109781","post","type-post","status-publish","format-standard","has-post-thumbnail","hentry","category-destacadas","category-interes-general-locales","category-locales"],"aioseo_notices":[],"gutentor_comment":0,"jetpack_featured_media_url":"https:\/\/eldiariodesanpedro.com.ar\/sitio\/wp-content\/uploads\/2022\/08\/WhatsApp-Image-2022-08-16-at-7.48.57-AM.jpeg","jetpack_shortlink":"https:\/\/wp.me\/p6RhLt-syF","jetpack_sharing_enabled":true,"_links":{"self":[{"href":"https:\/\/eldiariodesanpedro.com.ar\/sitio\/wp-json\/wp\/v2\/posts\/109781","targetHints":{"allow":["GET"]}}],"collection":[{"href":"https:\/\/eldiariodesanpedro.com.ar\/sitio\/wp-json\/wp\/v2\/posts"}],"about":[{"href":"https:\/\/eldiariodesanpedro.com.ar\/sitio\/wp-json\/wp\/v2\/types\/post"}],"author":[{"embeddable":true,"href":"https:\/\/eldiariodesanpedro.com.ar\/sitio\/wp-json\/wp\/v2\/users\/4"}],"replies":[{"embeddable":true,"href":"https:\/\/eldiariodesanpedro.com.ar\/sitio\/wp-json\/wp\/v2\/comments?post=109781"}],"version-history":[{"count":1,"href":"https:\/\/eldiariodesanpedro.com.ar\/sitio\/wp-json\/wp\/v2\/posts\/109781\/revisions"}],"predecessor-version":[{"id":109783,"href":"https:\/\/eldiariodesanpedro.com.ar\/sitio\/wp-json\/wp\/v2\/posts\/109781\/revisions\/109783"}],"wp:featuredmedia":[{"embeddable":true,"href":"https:\/\/eldiariodesanpedro.com.ar\/sitio\/wp-json\/wp\/v2\/media\/109782"}],"wp:attachment":[{"href":"https:\/\/eldiariodesanpedro.com.ar\/sitio\/wp-json\/wp\/v2\/media?parent=109781"}],"wp:term":[{"taxonomy":"category","embeddable":true,"href":"https:\/\/eldiariodesanpedro.com.ar\/sitio\/wp-json\/wp\/v2\/categories?post=109781"},{"taxonomy":"post_tag","embeddable":true,"href":"https:\/\/eldiariodesanpedro.com.ar\/sitio\/wp-json\/wp\/v2\/tags?post=109781"}],"curies":[{"name":"wp","href":"https:\/\/api.w.org\/{rel}","templated":true}]}}