{"id":109777,"date":"2022-08-16T12:31:23","date_gmt":"2022-08-16T15:31:23","guid":{"rendered":"https:\/\/eldiariodesanpedro.com.ar\/sitio\/?p=109777"},"modified":"2022-08-16T12:31:23","modified_gmt":"2022-08-16T15:31:23","slug":"un-sampedrino-gano-el-millon-de-pesos-en-los-8-escalones","status":"publish","type":"post","link":"https:\/\/eldiariodesanpedro.com.ar\/sitio\/un-sampedrino-gano-el-millon-de-pesos-en-los-8-escalones\/","title":{"rendered":"Un sampedrino gan\u00f3 el mill\u00f3n de pesos en los 8 Escalones"},"content":{"rendered":"<!-- VideographyWP Plugin Message: Automatic video embedding prevented by plugin options. -->\n\n<p>Sucedi\u00f3 en la edici\u00f3n de la tarde del programa que conduce Guido Kaczka en Canal 13. Alejandro Bolzi se hab\u00eda asegurado su participaci\u00f3n en la edici\u00f3n de la noche pero le dej\u00f3 su lugar a otro participante.<\/p>\n\n\n\n<p>El sampedrino Alejandro Bolzi si se transform\u00f3 en uno de los ganadores del mill\u00f3n qu\u00e9 hay en juego en el programa televisivo Los 8 Escalones.<\/p>\n\n\n\n<p>El participante intervino en la edici\u00f3n de la tarde del programa que conduce Guido Kaczka por Canal 13.<\/p>\n\n\n\n<p>Pr\u00e1cticamente no tuvo errores y gan\u00f3 la competencia de excelente manera.<\/p>\n\n\n\n<p>Bolzi, de 45 a\u00f1os y administrador de empresas, se hab\u00eda ganado un lugar en la edici\u00f3n de la noche del mismo concurso pero decidi\u00f3 dejarle su lugar al participante que en la tarde hab\u00eda sido segundo.<\/p>\n\n\n\n<p>El premio que se adjudic\u00f3 el sampedrino ser\u00e1 destinado para un amigo a qui\u00e9n ayudar\u00e1 a comprarse un rem\u00eds<\/p>\n\n\n\n<figure class=\"wp-block-image size-large\"><img decoding=\"async\" width=\"1024\" height=\"628\" data-attachment-id=\"109779\" data-permalink=\"https:\/\/eldiariodesanpedro.com.ar\/sitio\/un-sampedrino-gano-el-millon-de-pesos-en-los-8-escalones\/descarga-92\/\" data-orig-file=\"https:\/\/eldiariodesanpedro.com.ar\/sitio\/wp-content\/uploads\/2022\/08\/descarga.jpg\" data-orig-size=\"1028,630\" data-comments-opened=\"0\" data-image-meta=\"{&quot;aperture&quot;:&quot;0&quot;,&quot;credit&quot;:&quot;&quot;,&quot;camera&quot;:&quot;&quot;,&quot;caption&quot;:&quot;&quot;,&quot;created_timestamp&quot;:&quot;0&quot;,&quot;copyright&quot;:&quot;&quot;,&quot;focal_length&quot;:&quot;0&quot;,&quot;iso&quot;:&quot;0&quot;,&quot;shutter_speed&quot;:&quot;0&quot;,&quot;title&quot;:&quot;&quot;,&quot;orientation&quot;:&quot;0&quot;}\" data-image-title=\"descarga\" data-image-description=\"\" data-image-caption=\"\" data-large-file=\"https:\/\/eldiariodesanpedro.com.ar\/sitio\/wp-content\/uploads\/2022\/08\/descarga-1024x628.jpg\" data-src=\"https:\/\/eldiariodesanpedro.com.ar\/sitio\/wp-content\/uploads\/2022\/08\/descarga-1024x628.jpg\" alt=\"\" class=\"wp-image-109779 lazyload\" data-srcset=\"https:\/\/eldiariodesanpedro.com.ar\/sitio\/wp-content\/uploads\/2022\/08\/descarga-1024x628.jpg 1024w, https:\/\/eldiariodesanpedro.com.ar\/sitio\/wp-content\/uploads\/2022\/08\/descarga-300x184.jpg 300w, https:\/\/eldiariodesanpedro.com.ar\/sitio\/wp-content\/uploads\/2022\/08\/descarga-768x471.jpg 768w, https:\/\/eldiariodesanpedro.com.ar\/sitio\/wp-content\/uploads\/2022\/08\/descarga.jpg 1028w\" data-sizes=\"(max-width: 1024px) 100vw, 1024px\" src=\"data:image\/svg+xml;base64,PHN2ZyB3aWR0aD0iMSIgaGVpZ2h0PSIxIiB4bWxucz0iaHR0cDovL3d3dy53My5vcmcvMjAwMC9zdmciPjwvc3ZnPg==\" style=\"--smush-placeholder-width: 1024px; --smush-placeholder-aspect-ratio: 1024\/628;\" \/><\/figure>\n","protected":false},"excerpt":{"rendered":"<p>Sucedi\u00f3 en la edici\u00f3n de la tarde del programa que conduce Guido Kaczka en Canal 13. Alejandro Bolzi se hab\u00eda asegurado su participaci\u00f3n en la edici\u00f3n de la noche pero le dej\u00f3 su lugar a otro participante. El sampedrino Alejandro Bolzi si se transform\u00f3 en uno de los ganadores del mill\u00f3n qu\u00e9 hay en juego [&hellip;]<\/p>\n","protected":false},"author":4,"featured_media":109778,"comment_status":"closed","ping_status":"closed","sticky":false,"template":"","format":"standard","meta":{"om_disable_all_campaigns":false,"_jetpack_memberships_contains_paid_content":false,"footnotes":""},"categories":[101,2],"tags":[197,696,33,19],"class_list":["post-109777","post","type-post","status-publish","format-standard","has-post-thumbnail","hentry","category-interes-general-locales","category-locales","tag-buenos-aires","tag-interes-general","tag-locales","tag-san-pedro"],"aioseo_notices":[],"gutentor_comment":0,"jetpack_featured_media_url":"https:\/\/eldiariodesanpedro.com.ar\/sitio\/wp-content\/uploads\/2022\/08\/0000021124-resized-1920x1080-1.jpg","jetpack_shortlink":"https:\/\/wp.me\/p6RhLt-syB","jetpack_sharing_enabled":true,"_links":{"self":[{"href":"https:\/\/eldiariodesanpedro.com.ar\/sitio\/wp-json\/wp\/v2\/posts\/109777","targetHints":{"allow":["GET"]}}],"collection":[{"href":"https:\/\/eldiariodesanpedro.com.ar\/sitio\/wp-json\/wp\/v2\/posts"}],"about":[{"href":"https:\/\/eldiariodesanpedro.com.ar\/sitio\/wp-json\/wp\/v2\/types\/post"}],"author":[{"embeddable":true,"href":"https:\/\/eldiariodesanpedro.com.ar\/sitio\/wp-json\/wp\/v2\/users\/4"}],"replies":[{"embeddable":true,"href":"https:\/\/eldiariodesanpedro.com.ar\/sitio\/wp-json\/wp\/v2\/comments?post=109777"}],"version-history":[{"count":1,"href":"https:\/\/eldiariodesanpedro.com.ar\/sitio\/wp-json\/wp\/v2\/posts\/109777\/revisions"}],"predecessor-version":[{"id":109780,"href":"https:\/\/eldiariodesanpedro.com.ar\/sitio\/wp-json\/wp\/v2\/posts\/109777\/revisions\/109780"}],"wp:featuredmedia":[{"embeddable":true,"href":"https:\/\/eldiariodesanpedro.com.ar\/sitio\/wp-json\/wp\/v2\/media\/109778"}],"wp:attachment":[{"href":"https:\/\/eldiariodesanpedro.com.ar\/sitio\/wp-json\/wp\/v2\/media?parent=109777"}],"wp:term":[{"taxonomy":"category","embeddable":true,"href":"https:\/\/eldiariodesanpedro.com.ar\/sitio\/wp-json\/wp\/v2\/categories?post=109777"},{"taxonomy":"post_tag","embeddable":true,"href":"https:\/\/eldiariodesanpedro.com.ar\/sitio\/wp-json\/wp\/v2\/tags?post=109777"}],"curies":[{"name":"wp","href":"https:\/\/api.w.org\/{rel}","templated":true}]}}