{"id":109774,"date":"2022-08-16T12:26:56","date_gmt":"2022-08-16T15:26:56","guid":{"rendered":"https:\/\/eldiariodesanpedro.com.ar\/sitio\/?p=109774"},"modified":"2022-08-16T12:26:57","modified_gmt":"2022-08-16T15:26:57","slug":"inauguro-al-to-corte-la-carniceria-de-abuelo-julio","status":"publish","type":"post","link":"https:\/\/eldiariodesanpedro.com.ar\/sitio\/inauguro-al-to-corte-la-carniceria-de-abuelo-julio\/","title":{"rendered":"Inaugur\u00f3 Al-To Corte, la carnicer\u00eda de \u00abAbuelo Julio\u00bb"},"content":{"rendered":"<!-- VideographyWP Plugin Message: Automatic video embedding prevented by plugin options. -->\n\n<p>El flamante comercio abri\u00f3 sus puertas en la tarde del lunes, se encuentra ubicado sobre la calle Pellegrini al 1800 y ofrece cortes de primera calidad bajo un novedoso sistema de venta.<\/p>\n\n\n\n<p>El lunes por la tarde abri\u00f3 sus puertas la carnicer\u00eda Al-To Corte un emprendimiento encabezado por la familia Castillo.<\/p>\n\n\n\n<p>El comercio se encuentra ubicado sobre la calle Pellegrini al 1800 y son productos generados en la empresa familia Abuelo Julio, la misma que tiene su principal punto de producci\u00f3n en la provincia de Entre R\u00edos y desde all\u00ed han generado uno de los puntos de exportaci\u00f3n m\u00e1s importantes del pa\u00eds.<\/p>\n\n\n\n<p>Al-To corte ofrece productos de primera calidad y a un costo promocional bajo un novedoso sistema de ventas<\/p>\n","protected":false},"excerpt":{"rendered":"<p>El flamante comercio abri\u00f3 sus puertas en la tarde del lunes, se encuentra ubicado sobre la calle Pellegrini al 1800 y ofrece cortes de primera calidad bajo un novedoso sistema de venta. El lunes por la tarde abri\u00f3 sus puertas la carnicer\u00eda Al-To Corte un emprendimiento encabezado por la familia Castillo. El comercio se encuentra [&hellip;]<\/p>\n","protected":false},"author":4,"featured_media":109775,"comment_status":"closed","ping_status":"closed","sticky":false,"template":"","format":"standard","meta":{"om_disable_all_campaigns":false,"_jetpack_memberships_contains_paid_content":false,"footnotes":""},"categories":[101,2],"tags":[197,696,33,19],"class_list":["post-109774","post","type-post","status-publish","format-standard","has-post-thumbnail","hentry","category-interes-general-locales","category-locales","tag-buenos-aires","tag-interes-general","tag-locales","tag-san-pedro"],"aioseo_notices":[],"gutentor_comment":0,"jetpack_featured_media_url":"https:\/\/eldiariodesanpedro.com.ar\/sitio\/wp-content\/uploads\/2022\/08\/0000021125-resized-1920x1080-1.jpg","jetpack_shortlink":"https:\/\/wp.me\/p6RhLt-syy","jetpack_sharing_enabled":true,"_links":{"self":[{"href":"https:\/\/eldiariodesanpedro.com.ar\/sitio\/wp-json\/wp\/v2\/posts\/109774","targetHints":{"allow":["GET"]}}],"collection":[{"href":"https:\/\/eldiariodesanpedro.com.ar\/sitio\/wp-json\/wp\/v2\/posts"}],"about":[{"href":"https:\/\/eldiariodesanpedro.com.ar\/sitio\/wp-json\/wp\/v2\/types\/post"}],"author":[{"embeddable":true,"href":"https:\/\/eldiariodesanpedro.com.ar\/sitio\/wp-json\/wp\/v2\/users\/4"}],"replies":[{"embeddable":true,"href":"https:\/\/eldiariodesanpedro.com.ar\/sitio\/wp-json\/wp\/v2\/comments?post=109774"}],"version-history":[{"count":1,"href":"https:\/\/eldiariodesanpedro.com.ar\/sitio\/wp-json\/wp\/v2\/posts\/109774\/revisions"}],"predecessor-version":[{"id":109776,"href":"https:\/\/eldiariodesanpedro.com.ar\/sitio\/wp-json\/wp\/v2\/posts\/109774\/revisions\/109776"}],"wp:featuredmedia":[{"embeddable":true,"href":"https:\/\/eldiariodesanpedro.com.ar\/sitio\/wp-json\/wp\/v2\/media\/109775"}],"wp:attachment":[{"href":"https:\/\/eldiariodesanpedro.com.ar\/sitio\/wp-json\/wp\/v2\/media?parent=109774"}],"wp:term":[{"taxonomy":"category","embeddable":true,"href":"https:\/\/eldiariodesanpedro.com.ar\/sitio\/wp-json\/wp\/v2\/categories?post=109774"},{"taxonomy":"post_tag","embeddable":true,"href":"https:\/\/eldiariodesanpedro.com.ar\/sitio\/wp-json\/wp\/v2\/tags?post=109774"}],"curies":[{"name":"wp","href":"https:\/\/api.w.org\/{rel}","templated":true}]}}