{"id":109771,"date":"2022-08-16T11:30:05","date_gmt":"2022-08-16T14:30:05","guid":{"rendered":"https:\/\/eldiariodesanpedro.com.ar\/sitio\/?p=109771"},"modified":"2022-08-16T11:30:07","modified_gmt":"2022-08-16T14:30:07","slug":"el-operativo-para-combatir-el-fuego-en-las-islas-continuara-haciendo-base-en-san-pedro","status":"publish","type":"post","link":"https:\/\/eldiariodesanpedro.com.ar\/sitio\/el-operativo-para-combatir-el-fuego-en-las-islas-continuara-haciendo-base-en-san-pedro\/","title":{"rendered":"El operativo para combatir el fuego en las islas continuar\u00e1 haciendo base en San Pedro"},"content":{"rendered":"<!-- VideographyWP Plugin Message: Automatic video embedding prevented by plugin options. -->\n\n<p>El Aeroclub de nuestra ciudad seguir\u00e1 siendo el sector donde se realizar\u00e1 toda la log\u00edstica del operativo en la zona de Islas.<\/p>\n\n\n\n<p>El Director de Defensa Civil San Pedro, Fabio Giovanettone confirm\u00f3 a este medio que el operativo del Plan Nacional del Manejo del Fuego continuar\u00e1 operando desde nuestra ciudad.<\/p>\n\n\n\n<p>Las tareas har\u00e1n base en el Aeroclub de San Pedro y desde all\u00ed se dirigir\u00e1n a los puntos m\u00e1s complicados, d\u00f3nde mayor cantidad de focos y ni\u00f1os permanecen activos.<\/p>\n\n\n\n<p>El lunes por gestiones clim\u00e1ticas el operativo fue suspendido y reci\u00e9n el martes por la ma\u00f1ana luego de evaluarlo s\u00e9 reanudar\u00e1n las tareas.<\/p>\n\n\n\n<p>Los brigadistas permanecen en San Pedro y as\u00ed suceder\u00e1 por lo menos durante una semana.<\/p>\n","protected":false},"excerpt":{"rendered":"<p>El Aeroclub de nuestra ciudad seguir\u00e1 siendo el sector donde se realizar\u00e1 toda la log\u00edstica del operativo en la zona de Islas. El Director de Defensa Civil San Pedro, Fabio Giovanettone confirm\u00f3 a este medio que el operativo del Plan Nacional del Manejo del Fuego continuar\u00e1 operando desde nuestra ciudad. Las tareas har\u00e1n base en [&hellip;]<\/p>\n","protected":false},"author":4,"featured_media":109772,"comment_status":"closed","ping_status":"closed","sticky":false,"template":"","format":"standard","meta":{"om_disable_all_campaigns":false,"_jetpack_memberships_contains_paid_content":false,"footnotes":""},"categories":[50,101,2],"tags":[197,696,33,19],"class_list":["post-109771","post","type-post","status-publish","format-standard","has-post-thumbnail","hentry","category-destacadas","category-interes-general-locales","category-locales","tag-buenos-aires","tag-interes-general","tag-locales","tag-san-pedro"],"aioseo_notices":[],"gutentor_comment":0,"jetpack_featured_media_url":"https:\/\/eldiariodesanpedro.com.ar\/sitio\/wp-content\/uploads\/2022\/08\/0000021123-resized-1920x1080-1.jpg","jetpack_shortlink":"https:\/\/wp.me\/p6RhLt-syv","jetpack_sharing_enabled":true,"_links":{"self":[{"href":"https:\/\/eldiariodesanpedro.com.ar\/sitio\/wp-json\/wp\/v2\/posts\/109771","targetHints":{"allow":["GET"]}}],"collection":[{"href":"https:\/\/eldiariodesanpedro.com.ar\/sitio\/wp-json\/wp\/v2\/posts"}],"about":[{"href":"https:\/\/eldiariodesanpedro.com.ar\/sitio\/wp-json\/wp\/v2\/types\/post"}],"author":[{"embeddable":true,"href":"https:\/\/eldiariodesanpedro.com.ar\/sitio\/wp-json\/wp\/v2\/users\/4"}],"replies":[{"embeddable":true,"href":"https:\/\/eldiariodesanpedro.com.ar\/sitio\/wp-json\/wp\/v2\/comments?post=109771"}],"version-history":[{"count":1,"href":"https:\/\/eldiariodesanpedro.com.ar\/sitio\/wp-json\/wp\/v2\/posts\/109771\/revisions"}],"predecessor-version":[{"id":109773,"href":"https:\/\/eldiariodesanpedro.com.ar\/sitio\/wp-json\/wp\/v2\/posts\/109771\/revisions\/109773"}],"wp:featuredmedia":[{"embeddable":true,"href":"https:\/\/eldiariodesanpedro.com.ar\/sitio\/wp-json\/wp\/v2\/media\/109772"}],"wp:attachment":[{"href":"https:\/\/eldiariodesanpedro.com.ar\/sitio\/wp-json\/wp\/v2\/media?parent=109771"}],"wp:term":[{"taxonomy":"category","embeddable":true,"href":"https:\/\/eldiariodesanpedro.com.ar\/sitio\/wp-json\/wp\/v2\/categories?post=109771"},{"taxonomy":"post_tag","embeddable":true,"href":"https:\/\/eldiariodesanpedro.com.ar\/sitio\/wp-json\/wp\/v2\/tags?post=109771"}],"curies":[{"name":"wp","href":"https:\/\/api.w.org\/{rel}","templated":true}]}}