{"id":109769,"date":"2022-08-16T11:27:24","date_gmt":"2022-08-16T14:27:24","guid":{"rendered":"https:\/\/eldiariodesanpedro.com.ar\/sitio\/?p=109769"},"modified":"2022-08-16T11:27:25","modified_gmt":"2022-08-16T14:27:25","slug":"en-pocos-dias-funcionaran-las-nuevas-patrullas-urbanas","status":"publish","type":"post","link":"https:\/\/eldiariodesanpedro.com.ar\/sitio\/en-pocos-dias-funcionaran-las-nuevas-patrullas-urbanas\/","title":{"rendered":"En pocos d\u00edas funcionar\u00e1n las nuevas patrullas urbanas"},"content":{"rendered":"<!-- VideographyWP Plugin Message: Automatic video embedding prevented by plugin options. -->\n\n<p>Ser\u00e1 desde septiembre y cubrir\u00e1n distintos puntos de la ciudad durante gran parte del d\u00eda.<\/p>\n\n\n\n<p>Tal cual lo anunciado hace unos d\u00edas por el Secretario de Seguridad Diego Solanas en las pr\u00f3ximas semanas comenzar\u00e1n a funcionar las unidades pertenecientes a la Patrulla Urbana.<\/p>\n\n\n\n<p>Las mismas trabajar\u00e1n en combinaci\u00f3n con la polic\u00eda entre las 22 horas y las 6 de la ma\u00f1ana.<\/p>\n\n\n\n<p>A la vez un efectivo de la Comisar\u00eda acompa\u00f1ar\u00e1 al chofer del auto.<\/p>\n\n\n\n<p>Las unidades a utilizar ser\u00e1n las que actualmente forman parte de la Direcci\u00f3n de Tr\u00e1nsito y que van a ser reacondicionadas.<\/p>\n\n\n\n<p><\/p>\n","protected":false},"excerpt":{"rendered":"<p>Ser\u00e1 desde septiembre y cubrir\u00e1n distintos puntos de la ciudad durante gran parte del d\u00eda. Tal cual lo anunciado hace unos d\u00edas por el Secretario de Seguridad Diego Solanas en las pr\u00f3ximas semanas comenzar\u00e1n a funcionar las unidades pertenecientes a la Patrulla Urbana. Las mismas trabajar\u00e1n en combinaci\u00f3n con la polic\u00eda entre las 22 horas [&hellip;]<\/p>\n","protected":false},"author":4,"featured_media":13369,"comment_status":"closed","ping_status":"closed","sticky":false,"template":"","format":"standard","meta":{"om_disable_all_campaigns":false,"_jetpack_memberships_contains_paid_content":false,"footnotes":""},"categories":[101,2],"tags":[197,696,33,19],"class_list":["post-109769","post","type-post","status-publish","format-standard","has-post-thumbnail","hentry","category-interes-general-locales","category-locales","tag-buenos-aires","tag-interes-general","tag-locales","tag-san-pedro"],"aioseo_notices":[],"gutentor_comment":0,"jetpack_featured_media_url":"https:\/\/eldiariodesanpedro.com.ar\/sitio\/wp-content\/uploads\/2017\/01\/Patrulla-1-e1485285915195.jpg","jetpack_shortlink":"https:\/\/wp.me\/p6RhLt-syt","jetpack_sharing_enabled":true,"_links":{"self":[{"href":"https:\/\/eldiariodesanpedro.com.ar\/sitio\/wp-json\/wp\/v2\/posts\/109769","targetHints":{"allow":["GET"]}}],"collection":[{"href":"https:\/\/eldiariodesanpedro.com.ar\/sitio\/wp-json\/wp\/v2\/posts"}],"about":[{"href":"https:\/\/eldiariodesanpedro.com.ar\/sitio\/wp-json\/wp\/v2\/types\/post"}],"author":[{"embeddable":true,"href":"https:\/\/eldiariodesanpedro.com.ar\/sitio\/wp-json\/wp\/v2\/users\/4"}],"replies":[{"embeddable":true,"href":"https:\/\/eldiariodesanpedro.com.ar\/sitio\/wp-json\/wp\/v2\/comments?post=109769"}],"version-history":[{"count":1,"href":"https:\/\/eldiariodesanpedro.com.ar\/sitio\/wp-json\/wp\/v2\/posts\/109769\/revisions"}],"predecessor-version":[{"id":109770,"href":"https:\/\/eldiariodesanpedro.com.ar\/sitio\/wp-json\/wp\/v2\/posts\/109769\/revisions\/109770"}],"wp:featuredmedia":[{"embeddable":true,"href":"https:\/\/eldiariodesanpedro.com.ar\/sitio\/wp-json\/wp\/v2\/media\/13369"}],"wp:attachment":[{"href":"https:\/\/eldiariodesanpedro.com.ar\/sitio\/wp-json\/wp\/v2\/media?parent=109769"}],"wp:term":[{"taxonomy":"category","embeddable":true,"href":"https:\/\/eldiariodesanpedro.com.ar\/sitio\/wp-json\/wp\/v2\/categories?post=109769"},{"taxonomy":"post_tag","embeddable":true,"href":"https:\/\/eldiariodesanpedro.com.ar\/sitio\/wp-json\/wp\/v2\/tags?post=109769"}],"curies":[{"name":"wp","href":"https:\/\/api.w.org\/{rel}","templated":true}]}}