{"id":109747,"date":"2022-08-16T10:00:27","date_gmt":"2022-08-16T13:00:27","guid":{"rendered":"https:\/\/eldiariodesanpedro.com.ar\/sitio\/?p=109747"},"modified":"2022-08-16T10:00:28","modified_gmt":"2022-08-16T13:00:28","slug":"homenaje-a-san-martin-a-172-anos-de-su-paso-a-la-inmortalidad","status":"publish","type":"post","link":"https:\/\/eldiariodesanpedro.com.ar\/sitio\/homenaje-a-san-martin-a-172-anos-de-su-paso-a-la-inmortalidad\/","title":{"rendered":"Homenaje a San Mart\u00edn a 172 a\u00f1os de su paso a la inmortalidad"},"content":{"rendered":"<!-- VideographyWP Plugin Message: Automatic video embedding prevented by plugin options. -->\n\n<p>Santa Luc\u00eda volvi\u00f3 a ser el punto de encuentro con toda la comunidad de la localidad para homenajear al General Jos\u00e9 de San Mart\u00edn. All\u00ed, centenares de personas acompa\u00f1aron el acto protocolar encabezado por el Intendente Dr. Ram\u00f3n Salazar, junto al delegado Municipal Luciano Juhant, concejales, funcionarios, docentes y representantes de diferentes sectores e instituciones.<\/p>\n\n\n\n<p>El Intendente Salazar, el delegado Luciano Juhant y la concejala Silvina Ibern fueron los encargados de izar la bandera tras lo cual se enton\u00f3 el Himno Nacional.<\/p>\n\n\n\n<p>El mensaje recordando la figura del Padre de la Patria en las palabras Ezequiel Fuchs, presidente de la Asociaci\u00f3n Sanmartiniana, el delegado Luciano Juhant y del Dr. Ram\u00f3n Salazar dio paso a la interpretaci\u00f3n de una danza folcl\u00f3rica llevada a cabo por el Ballet \u201cCoraz\u00f3n de mi Pueblo\u201d en primera instancia y la \u201cPe\u00f1a el Fog\u00f3n\u201d para continuar con un emotivo desfile preparado con mucho entusiasmo por la delegaci\u00f3n y colaboradores.<\/p>\n\n\n\n<p>Dentro de quienes recorrieron las calles de la localidad estuvieron los Veteranos de Malvinas, la Polic\u00eda Rural de San Pedro, la Polic\u00eda Comunal, Polic\u00eda Distrital, el Cuartel de Bomberos Voluntarios Central 188, el Hospital de Santa Luc\u00eda, jugadores y jugadoras del Futbol Infantil El Lobo C.D.C.C, la Pe\u00f1a el Fog\u00f3n, el Ballet Coraz\u00f3n de mi Pueblo, la Escuela N\u00b0 26, Bernardino Rivadavia, la Escuela N\u00b0 22 Tambor de Tacquiari, el Jard\u00edn N\u00b0 907 Ennio Locatelli, el Jard\u00edn y los niveles primario y secundario del Instituto Margarita O\u00b4Farrell de Manguirre, el Centro Complementario, la Escuela de Prefectura Naval N\u00b01, el CENS N\u00b0 451 de Adultos, el Jard\u00edn de Infantes N\u00b0 2 Pulgarcito, la Escuela N\u00b0 28 Luis M. Barbieri del Paraje Beladrich y el JIRIMM N\u00b0 3 del Paraje Belladrich.<\/p>\n\n\n\n<p>Luego del acto, la comunidad comparte este domingo una gran fiesta tradicionalista con la participaci\u00f3n de tropillas de diferentes puntos del pa\u00eds.<\/p>\n\n\n\n<figure class=\"wp-block-image size-large\"><img decoding=\"async\" width=\"1024\" height=\"499\" data-attachment-id=\"109748\" data-permalink=\"https:\/\/eldiariodesanpedro.com.ar\/sitio\/homenaje-a-san-martin-a-172-anos-de-su-paso-a-la-inmortalidad\/whatsapp-image-2022-08-14-at-1-58-50-pm\/\" data-orig-file=\"https:\/\/eldiariodesanpedro.com.ar\/sitio\/wp-content\/uploads\/2022\/08\/WhatsApp-Image-2022-08-14-at-1.58.50-PM.jpeg\" data-orig-size=\"1200,585\" data-comments-opened=\"0\" data-image-meta=\"{&quot;aperture&quot;:&quot;0&quot;,&quot;credit&quot;:&quot;&quot;,&quot;camera&quot;:&quot;&quot;,&quot;caption&quot;:&quot;&quot;,&quot;created_timestamp&quot;:&quot;0&quot;,&quot;copyright&quot;:&quot;&quot;,&quot;focal_length&quot;:&quot;0&quot;,&quot;iso&quot;:&quot;0&quot;,&quot;shutter_speed&quot;:&quot;0&quot;,&quot;title&quot;:&quot;&quot;,&quot;orientation&quot;:&quot;0&quot;}\" data-image-title=\"WhatsApp Image 2022-08-14 at 1.58.50 PM\" data-image-description=\"\" data-image-caption=\"\" data-large-file=\"https:\/\/eldiariodesanpedro.com.ar\/sitio\/wp-content\/uploads\/2022\/08\/WhatsApp-Image-2022-08-14-at-1.58.50-PM-1024x499.jpeg\" data-src=\"https:\/\/eldiariodesanpedro.com.ar\/sitio\/wp-content\/uploads\/2022\/08\/WhatsApp-Image-2022-08-14-at-1.58.50-PM-1024x499.jpeg\" alt=\"\" class=\"wp-image-109748 lazyload\" data-srcset=\"https:\/\/eldiariodesanpedro.com.ar\/sitio\/wp-content\/uploads\/2022\/08\/WhatsApp-Image-2022-08-14-at-1.58.50-PM-1024x499.jpeg 1024w, https:\/\/eldiariodesanpedro.com.ar\/sitio\/wp-content\/uploads\/2022\/08\/WhatsApp-Image-2022-08-14-at-1.58.50-PM-300x146.jpeg 300w, https:\/\/eldiariodesanpedro.com.ar\/sitio\/wp-content\/uploads\/2022\/08\/WhatsApp-Image-2022-08-14-at-1.58.50-PM-768x374.jpeg 768w, https:\/\/eldiariodesanpedro.com.ar\/sitio\/wp-content\/uploads\/2022\/08\/WhatsApp-Image-2022-08-14-at-1.58.50-PM.jpeg 1200w\" data-sizes=\"(max-width: 1024px) 100vw, 1024px\" src=\"data:image\/svg+xml;base64,PHN2ZyB3aWR0aD0iMSIgaGVpZ2h0PSIxIiB4bWxucz0iaHR0cDovL3d3dy53My5vcmcvMjAwMC9zdmciPjwvc3ZnPg==\" style=\"--smush-placeholder-width: 1024px; --smush-placeholder-aspect-ratio: 1024\/499;\" \/><\/figure>\n\n\n\n<figure class=\"wp-block-image size-full\"><img decoding=\"async\" width=\"840\" height=\"630\" data-attachment-id=\"109751\" data-permalink=\"https:\/\/eldiariodesanpedro.com.ar\/sitio\/homenaje-a-san-martin-a-172-anos-de-su-paso-a-la-inmortalidad\/whatsapp-image-2022-08-14-at-1-58-55-pm\/\" data-orig-file=\"https:\/\/eldiariodesanpedro.com.ar\/sitio\/wp-content\/uploads\/2022\/08\/WhatsApp-Image-2022-08-14-at-1.58.55-PM.jpeg\" data-orig-size=\"840,630\" data-comments-opened=\"0\" data-image-meta=\"{&quot;aperture&quot;:&quot;0&quot;,&quot;credit&quot;:&quot;&quot;,&quot;camera&quot;:&quot;&quot;,&quot;caption&quot;:&quot;&quot;,&quot;created_timestamp&quot;:&quot;0&quot;,&quot;copyright&quot;:&quot;&quot;,&quot;focal_length&quot;:&quot;0&quot;,&quot;iso&quot;:&quot;0&quot;,&quot;shutter_speed&quot;:&quot;0&quot;,&quot;title&quot;:&quot;&quot;,&quot;orientation&quot;:&quot;0&quot;}\" data-image-title=\"WhatsApp Image 2022-08-14 at 1.58.55 PM\" data-image-description=\"\" data-image-caption=\"\" data-large-file=\"https:\/\/eldiariodesanpedro.com.ar\/sitio\/wp-content\/uploads\/2022\/08\/WhatsApp-Image-2022-08-14-at-1.58.55-PM.jpeg\" data-src=\"https:\/\/eldiariodesanpedro.com.ar\/sitio\/wp-content\/uploads\/2022\/08\/WhatsApp-Image-2022-08-14-at-1.58.55-PM.jpeg\" alt=\"\" class=\"wp-image-109751 lazyload\" data-srcset=\"https:\/\/eldiariodesanpedro.com.ar\/sitio\/wp-content\/uploads\/2022\/08\/WhatsApp-Image-2022-08-14-at-1.58.55-PM.jpeg 840w, https:\/\/eldiariodesanpedro.com.ar\/sitio\/wp-content\/uploads\/2022\/08\/WhatsApp-Image-2022-08-14-at-1.58.55-PM-300x225.jpeg 300w, https:\/\/eldiariodesanpedro.com.ar\/sitio\/wp-content\/uploads\/2022\/08\/WhatsApp-Image-2022-08-14-at-1.58.55-PM-768x576.jpeg 768w, https:\/\/eldiariodesanpedro.com.ar\/sitio\/wp-content\/uploads\/2022\/08\/WhatsApp-Image-2022-08-14-at-1.58.55-PM-272x204.jpeg 272w\" data-sizes=\"(max-width: 840px) 100vw, 840px\" src=\"data:image\/svg+xml;base64,PHN2ZyB3aWR0aD0iMSIgaGVpZ2h0PSIxIiB4bWxucz0iaHR0cDovL3d3dy53My5vcmcvMjAwMC9zdmciPjwvc3ZnPg==\" style=\"--smush-placeholder-width: 840px; --smush-placeholder-aspect-ratio: 840\/630;\" \/><\/figure>\n\n\n\n<figure class=\"wp-block-image size-full\"><img decoding=\"async\" width=\"840\" height=\"630\" data-attachment-id=\"109750\" data-permalink=\"https:\/\/eldiariodesanpedro.com.ar\/sitio\/homenaje-a-san-martin-a-172-anos-de-su-paso-a-la-inmortalidad\/whatsapp-image-2022-08-14-at-1-58-53-pm\/\" data-orig-file=\"https:\/\/eldiariodesanpedro.com.ar\/sitio\/wp-content\/uploads\/2022\/08\/WhatsApp-Image-2022-08-14-at-1.58.53-PM.jpeg\" data-orig-size=\"840,630\" data-comments-opened=\"0\" data-image-meta=\"{&quot;aperture&quot;:&quot;0&quot;,&quot;credit&quot;:&quot;&quot;,&quot;camera&quot;:&quot;&quot;,&quot;caption&quot;:&quot;&quot;,&quot;created_timestamp&quot;:&quot;0&quot;,&quot;copyright&quot;:&quot;&quot;,&quot;focal_length&quot;:&quot;0&quot;,&quot;iso&quot;:&quot;0&quot;,&quot;shutter_speed&quot;:&quot;0&quot;,&quot;title&quot;:&quot;&quot;,&quot;orientation&quot;:&quot;0&quot;}\" data-image-title=\"WhatsApp Image 2022-08-14 at 1.58.53 PM\" data-image-description=\"\" data-image-caption=\"\" data-large-file=\"https:\/\/eldiariodesanpedro.com.ar\/sitio\/wp-content\/uploads\/2022\/08\/WhatsApp-Image-2022-08-14-at-1.58.53-PM.jpeg\" data-src=\"https:\/\/eldiariodesanpedro.com.ar\/sitio\/wp-content\/uploads\/2022\/08\/WhatsApp-Image-2022-08-14-at-1.58.53-PM.jpeg\" alt=\"\" class=\"wp-image-109750 lazyload\" data-srcset=\"https:\/\/eldiariodesanpedro.com.ar\/sitio\/wp-content\/uploads\/2022\/08\/WhatsApp-Image-2022-08-14-at-1.58.53-PM.jpeg 840w, https:\/\/eldiariodesanpedro.com.ar\/sitio\/wp-content\/uploads\/2022\/08\/WhatsApp-Image-2022-08-14-at-1.58.53-PM-300x225.jpeg 300w, https:\/\/eldiariodesanpedro.com.ar\/sitio\/wp-content\/uploads\/2022\/08\/WhatsApp-Image-2022-08-14-at-1.58.53-PM-768x576.jpeg 768w, https:\/\/eldiariodesanpedro.com.ar\/sitio\/wp-content\/uploads\/2022\/08\/WhatsApp-Image-2022-08-14-at-1.58.53-PM-272x204.jpeg 272w\" data-sizes=\"(max-width: 840px) 100vw, 840px\" src=\"data:image\/svg+xml;base64,PHN2ZyB3aWR0aD0iMSIgaGVpZ2h0PSIxIiB4bWxucz0iaHR0cDovL3d3dy53My5vcmcvMjAwMC9zdmciPjwvc3ZnPg==\" style=\"--smush-placeholder-width: 840px; --smush-placeholder-aspect-ratio: 840\/630;\" \/><\/figure>\n","protected":false},"excerpt":{"rendered":"<p>Santa Luc\u00eda volvi\u00f3 a ser el punto de encuentro con toda la comunidad de la localidad para homenajear al General Jos\u00e9 de San Mart\u00edn. All\u00ed, centenares de personas acompa\u00f1aron el acto protocolar encabezado por el Intendente Dr. Ram\u00f3n Salazar, junto al delegado Municipal Luciano Juhant, concejales, funcionarios, docentes y representantes de diferentes sectores e instituciones. [&hellip;]<\/p>\n","protected":false},"author":4,"featured_media":109749,"comment_status":"closed","ping_status":"closed","sticky":false,"template":"","format":"standard","meta":{"om_disable_all_campaigns":false,"_jetpack_memberships_contains_paid_content":false,"footnotes":""},"categories":[50,101,2],"tags":[197,696,33,19],"class_list":["post-109747","post","type-post","status-publish","format-standard","has-post-thumbnail","hentry","category-destacadas","category-interes-general-locales","category-locales","tag-buenos-aires","tag-interes-general","tag-locales","tag-san-pedro"],"aioseo_notices":[],"gutentor_comment":0,"jetpack_featured_media_url":"https:\/\/eldiariodesanpedro.com.ar\/sitio\/wp-content\/uploads\/2022\/08\/WhatsApp-Image-2022-08-14-at-1.58.52-PM-1.jpeg","jetpack_shortlink":"https:\/\/wp.me\/p6RhLt-sy7","jetpack_sharing_enabled":true,"_links":{"self":[{"href":"https:\/\/eldiariodesanpedro.com.ar\/sitio\/wp-json\/wp\/v2\/posts\/109747","targetHints":{"allow":["GET"]}}],"collection":[{"href":"https:\/\/eldiariodesanpedro.com.ar\/sitio\/wp-json\/wp\/v2\/posts"}],"about":[{"href":"https:\/\/eldiariodesanpedro.com.ar\/sitio\/wp-json\/wp\/v2\/types\/post"}],"author":[{"embeddable":true,"href":"https:\/\/eldiariodesanpedro.com.ar\/sitio\/wp-json\/wp\/v2\/users\/4"}],"replies":[{"embeddable":true,"href":"https:\/\/eldiariodesanpedro.com.ar\/sitio\/wp-json\/wp\/v2\/comments?post=109747"}],"version-history":[{"count":1,"href":"https:\/\/eldiariodesanpedro.com.ar\/sitio\/wp-json\/wp\/v2\/posts\/109747\/revisions"}],"predecessor-version":[{"id":109752,"href":"https:\/\/eldiariodesanpedro.com.ar\/sitio\/wp-json\/wp\/v2\/posts\/109747\/revisions\/109752"}],"wp:featuredmedia":[{"embeddable":true,"href":"https:\/\/eldiariodesanpedro.com.ar\/sitio\/wp-json\/wp\/v2\/media\/109749"}],"wp:attachment":[{"href":"https:\/\/eldiariodesanpedro.com.ar\/sitio\/wp-json\/wp\/v2\/media?parent=109747"}],"wp:term":[{"taxonomy":"category","embeddable":true,"href":"https:\/\/eldiariodesanpedro.com.ar\/sitio\/wp-json\/wp\/v2\/categories?post=109747"},{"taxonomy":"post_tag","embeddable":true,"href":"https:\/\/eldiariodesanpedro.com.ar\/sitio\/wp-json\/wp\/v2\/tags?post=109747"}],"curies":[{"name":"wp","href":"https:\/\/api.w.org\/{rel}","templated":true}]}}