{"id":109741,"date":"2022-08-16T09:57:09","date_gmt":"2022-08-16T12:57:09","guid":{"rendered":"https:\/\/eldiariodesanpedro.com.ar\/sitio\/?p=109741"},"modified":"2022-08-16T09:57:10","modified_gmt":"2022-08-16T12:57:10","slug":"el-jefe-de-unidad-coronaria-del-hospital-clemente-alvarez-de-rosario-diserto-en-la-segunda-jornada-de-actualizacion-primaria-de-la-salud","status":"publish","type":"post","link":"https:\/\/eldiariodesanpedro.com.ar\/sitio\/el-jefe-de-unidad-coronaria-del-hospital-clemente-alvarez-de-rosario-diserto-en-la-segunda-jornada-de-actualizacion-primaria-de-la-salud\/","title":{"rendered":"El Jefe de Unidad Coronaria del Hospital Clemente Alvarez de Rosario disert\u00f3 en la segunda Jornada de Actualizaci\u00f3n Primaria de la Salud"},"content":{"rendered":"<!-- VideographyWP Plugin Message: Automatic video embedding prevented by plugin options. -->\n\n<p>Con la participaci\u00f3n del Dr. Luis Keller, destacado especialista sampedrino y actualmente Jefe de Unidad Coronaria del Hospital Clemente \u00c1lvarez de Rosario como expositor principal, se concret\u00f3 el viernes el segundo encuentro del Programa de Actualizaci\u00f3n en Atenci\u00f3n Primaria de la Salud organizado por la Secretar\u00eda de Salud de la Municipalidad de San Pedro.<\/p>\n\n\n\n<p>Representantes de los diferentes sectores que forman parte de la atenci\u00f3n primaria en todo el Partido de San Pedro compartieron la exposici\u00f3n del Dr. Keller sobre \u00abHipertensi\u00f3n Arterial, Tratamiento de la Emergencia y Urgencia Hipertensiva\u00bb y Prevenci\u00f3n Cardiovascular en Atenci\u00f3n Primaria de la Salud.<\/p>\n\n\n\n<p>El Secretario de Salud Dr. Pablo Pichioni, el Subsecretario Dr. Gabriel Sayago, m\u00e9dicos, enfermeras y trabajadores de los espacios que interact\u00faan con los pacientes de nuestra comunidad destacaron la calidad y la importancia de este nuevo encuentro.<\/p>\n\n\n\n<p>El tercer encuentro dentro del programa ser\u00e1 el viernes 26 de agosto sobre Diabetes e Hipotiroidismo con la participaci\u00f3n de los Dres. Tom\u00e1s Caccavo especialista en Diabetes y Marisol Gimenez especialista en endocrinolog\u00eda y enfermedades tiroideas.<\/p>\n\n\n\n<figure class=\"wp-block-image size-full\"><img decoding=\"async\" width=\"750\" height=\"562\" data-attachment-id=\"109743\" data-permalink=\"https:\/\/eldiariodesanpedro.com.ar\/sitio\/el-jefe-de-unidad-coronaria-del-hospital-clemente-alvarez-de-rosario-diserto-en-la-segunda-jornada-de-actualizacion-primaria-de-la-salud\/whatsapp-image-2022-08-13-at-3-13-07-pm-1\/\" data-orig-file=\"https:\/\/eldiariodesanpedro.com.ar\/sitio\/wp-content\/uploads\/2022\/08\/WhatsApp-Image-2022-08-13-at-3.13.07-PM-1.jpeg\" data-orig-size=\"750,562\" data-comments-opened=\"0\" data-image-meta=\"{&quot;aperture&quot;:&quot;0&quot;,&quot;credit&quot;:&quot;&quot;,&quot;camera&quot;:&quot;&quot;,&quot;caption&quot;:&quot;&quot;,&quot;created_timestamp&quot;:&quot;0&quot;,&quot;copyright&quot;:&quot;&quot;,&quot;focal_length&quot;:&quot;0&quot;,&quot;iso&quot;:&quot;0&quot;,&quot;shutter_speed&quot;:&quot;0&quot;,&quot;title&quot;:&quot;&quot;,&quot;orientation&quot;:&quot;0&quot;}\" data-image-title=\"WhatsApp Image 2022-08-13 at 3.13.07 PM (1)\" data-image-description=\"\" data-image-caption=\"\" data-large-file=\"https:\/\/eldiariodesanpedro.com.ar\/sitio\/wp-content\/uploads\/2022\/08\/WhatsApp-Image-2022-08-13-at-3.13.07-PM-1.jpeg\" data-src=\"https:\/\/eldiariodesanpedro.com.ar\/sitio\/wp-content\/uploads\/2022\/08\/WhatsApp-Image-2022-08-13-at-3.13.07-PM-1.jpeg\" alt=\"\" class=\"wp-image-109743 lazyload\" data-srcset=\"https:\/\/eldiariodesanpedro.com.ar\/sitio\/wp-content\/uploads\/2022\/08\/WhatsApp-Image-2022-08-13-at-3.13.07-PM-1.jpeg 750w, https:\/\/eldiariodesanpedro.com.ar\/sitio\/wp-content\/uploads\/2022\/08\/WhatsApp-Image-2022-08-13-at-3.13.07-PM-1-300x225.jpeg 300w, https:\/\/eldiariodesanpedro.com.ar\/sitio\/wp-content\/uploads\/2022\/08\/WhatsApp-Image-2022-08-13-at-3.13.07-PM-1-272x204.jpeg 272w\" data-sizes=\"(max-width: 750px) 100vw, 750px\" src=\"data:image\/svg+xml;base64,PHN2ZyB3aWR0aD0iMSIgaGVpZ2h0PSIxIiB4bWxucz0iaHR0cDovL3d3dy53My5vcmcvMjAwMC9zdmciPjwvc3ZnPg==\" style=\"--smush-placeholder-width: 750px; --smush-placeholder-aspect-ratio: 750\/562;\" \/><\/figure>\n\n\n\n<figure class=\"wp-block-image size-full\"><img decoding=\"async\" width=\"750\" height=\"562\" data-attachment-id=\"109744\" data-permalink=\"https:\/\/eldiariodesanpedro.com.ar\/sitio\/el-jefe-de-unidad-coronaria-del-hospital-clemente-alvarez-de-rosario-diserto-en-la-segunda-jornada-de-actualizacion-primaria-de-la-salud\/whatsapp-image-2022-08-13-at-3-13-07-pm\/\" data-orig-file=\"https:\/\/eldiariodesanpedro.com.ar\/sitio\/wp-content\/uploads\/2022\/08\/WhatsApp-Image-2022-08-13-at-3.13.07-PM.jpeg\" data-orig-size=\"750,562\" data-comments-opened=\"0\" data-image-meta=\"{&quot;aperture&quot;:&quot;0&quot;,&quot;credit&quot;:&quot;&quot;,&quot;camera&quot;:&quot;&quot;,&quot;caption&quot;:&quot;&quot;,&quot;created_timestamp&quot;:&quot;0&quot;,&quot;copyright&quot;:&quot;&quot;,&quot;focal_length&quot;:&quot;0&quot;,&quot;iso&quot;:&quot;0&quot;,&quot;shutter_speed&quot;:&quot;0&quot;,&quot;title&quot;:&quot;&quot;,&quot;orientation&quot;:&quot;0&quot;}\" data-image-title=\"WhatsApp Image 2022-08-13 at 3.13.07 PM\" data-image-description=\"\" data-image-caption=\"\" data-large-file=\"https:\/\/eldiariodesanpedro.com.ar\/sitio\/wp-content\/uploads\/2022\/08\/WhatsApp-Image-2022-08-13-at-3.13.07-PM.jpeg\" data-src=\"https:\/\/eldiariodesanpedro.com.ar\/sitio\/wp-content\/uploads\/2022\/08\/WhatsApp-Image-2022-08-13-at-3.13.07-PM.jpeg\" alt=\"\" class=\"wp-image-109744 lazyload\" data-srcset=\"https:\/\/eldiariodesanpedro.com.ar\/sitio\/wp-content\/uploads\/2022\/08\/WhatsApp-Image-2022-08-13-at-3.13.07-PM.jpeg 750w, https:\/\/eldiariodesanpedro.com.ar\/sitio\/wp-content\/uploads\/2022\/08\/WhatsApp-Image-2022-08-13-at-3.13.07-PM-300x225.jpeg 300w, https:\/\/eldiariodesanpedro.com.ar\/sitio\/wp-content\/uploads\/2022\/08\/WhatsApp-Image-2022-08-13-at-3.13.07-PM-272x204.jpeg 272w\" data-sizes=\"(max-width: 750px) 100vw, 750px\" src=\"data:image\/svg+xml;base64,PHN2ZyB3aWR0aD0iMSIgaGVpZ2h0PSIxIiB4bWxucz0iaHR0cDovL3d3dy53My5vcmcvMjAwMC9zdmciPjwvc3ZnPg==\" style=\"--smush-placeholder-width: 750px; --smush-placeholder-aspect-ratio: 750\/562;\" \/><\/figure>\n\n\n\n<figure class=\"wp-block-image size-full\"><img decoding=\"async\" width=\"840\" height=\"630\" data-attachment-id=\"109745\" data-permalink=\"https:\/\/eldiariodesanpedro.com.ar\/sitio\/el-jefe-de-unidad-coronaria-del-hospital-clemente-alvarez-de-rosario-diserto-en-la-segunda-jornada-de-actualizacion-primaria-de-la-salud\/whatsapp-image-2022-08-13-at-3-13-08-pm\/\" data-orig-file=\"https:\/\/eldiariodesanpedro.com.ar\/sitio\/wp-content\/uploads\/2022\/08\/WhatsApp-Image-2022-08-13-at-3.13.08-PM.jpeg\" data-orig-size=\"840,630\" data-comments-opened=\"0\" data-image-meta=\"{&quot;aperture&quot;:&quot;0&quot;,&quot;credit&quot;:&quot;&quot;,&quot;camera&quot;:&quot;&quot;,&quot;caption&quot;:&quot;&quot;,&quot;created_timestamp&quot;:&quot;0&quot;,&quot;copyright&quot;:&quot;&quot;,&quot;focal_length&quot;:&quot;0&quot;,&quot;iso&quot;:&quot;0&quot;,&quot;shutter_speed&quot;:&quot;0&quot;,&quot;title&quot;:&quot;&quot;,&quot;orientation&quot;:&quot;0&quot;}\" data-image-title=\"WhatsApp Image 2022-08-13 at 3.13.08 PM\" data-image-description=\"\" data-image-caption=\"\" data-large-file=\"https:\/\/eldiariodesanpedro.com.ar\/sitio\/wp-content\/uploads\/2022\/08\/WhatsApp-Image-2022-08-13-at-3.13.08-PM.jpeg\" data-src=\"https:\/\/eldiariodesanpedro.com.ar\/sitio\/wp-content\/uploads\/2022\/08\/WhatsApp-Image-2022-08-13-at-3.13.08-PM.jpeg\" alt=\"\" class=\"wp-image-109745 lazyload\" data-srcset=\"https:\/\/eldiariodesanpedro.com.ar\/sitio\/wp-content\/uploads\/2022\/08\/WhatsApp-Image-2022-08-13-at-3.13.08-PM.jpeg 840w, https:\/\/eldiariodesanpedro.com.ar\/sitio\/wp-content\/uploads\/2022\/08\/WhatsApp-Image-2022-08-13-at-3.13.08-PM-300x225.jpeg 300w, https:\/\/eldiariodesanpedro.com.ar\/sitio\/wp-content\/uploads\/2022\/08\/WhatsApp-Image-2022-08-13-at-3.13.08-PM-768x576.jpeg 768w, https:\/\/eldiariodesanpedro.com.ar\/sitio\/wp-content\/uploads\/2022\/08\/WhatsApp-Image-2022-08-13-at-3.13.08-PM-272x204.jpeg 272w\" data-sizes=\"(max-width: 840px) 100vw, 840px\" src=\"data:image\/svg+xml;base64,PHN2ZyB3aWR0aD0iMSIgaGVpZ2h0PSIxIiB4bWxucz0iaHR0cDovL3d3dy53My5vcmcvMjAwMC9zdmciPjwvc3ZnPg==\" style=\"--smush-placeholder-width: 840px; --smush-placeholder-aspect-ratio: 840\/630;\" \/><\/figure>\n","protected":false},"excerpt":{"rendered":"<p>Con la participaci\u00f3n del Dr. Luis Keller, destacado especialista sampedrino y actualmente Jefe de Unidad Coronaria del Hospital Clemente \u00c1lvarez de Rosario como expositor principal, se concret\u00f3 el viernes el segundo encuentro del Programa de Actualizaci\u00f3n en Atenci\u00f3n Primaria de la Salud organizado por la Secretar\u00eda de Salud de la Municipalidad de San Pedro. Representantes [&hellip;]<\/p>\n","protected":false},"author":4,"featured_media":109742,"comment_status":"closed","ping_status":"closed","sticky":false,"template":"","format":"standard","meta":{"om_disable_all_campaigns":false,"_jetpack_memberships_contains_paid_content":false,"footnotes":""},"categories":[101,2],"tags":[197,696,33,19],"class_list":["post-109741","post","type-post","status-publish","format-standard","has-post-thumbnail","hentry","category-interes-general-locales","category-locales","tag-buenos-aires","tag-interes-general","tag-locales","tag-san-pedro"],"aioseo_notices":[],"gutentor_comment":0,"jetpack_featured_media_url":"https:\/\/eldiariodesanpedro.com.ar\/sitio\/wp-content\/uploads\/2022\/08\/WhatsApp-Image-2022-08-13-at-3.13.06-PM.jpeg","jetpack_shortlink":"https:\/\/wp.me\/p6RhLt-sy1","jetpack_sharing_enabled":true,"_links":{"self":[{"href":"https:\/\/eldiariodesanpedro.com.ar\/sitio\/wp-json\/wp\/v2\/posts\/109741","targetHints":{"allow":["GET"]}}],"collection":[{"href":"https:\/\/eldiariodesanpedro.com.ar\/sitio\/wp-json\/wp\/v2\/posts"}],"about":[{"href":"https:\/\/eldiariodesanpedro.com.ar\/sitio\/wp-json\/wp\/v2\/types\/post"}],"author":[{"embeddable":true,"href":"https:\/\/eldiariodesanpedro.com.ar\/sitio\/wp-json\/wp\/v2\/users\/4"}],"replies":[{"embeddable":true,"href":"https:\/\/eldiariodesanpedro.com.ar\/sitio\/wp-json\/wp\/v2\/comments?post=109741"}],"version-history":[{"count":1,"href":"https:\/\/eldiariodesanpedro.com.ar\/sitio\/wp-json\/wp\/v2\/posts\/109741\/revisions"}],"predecessor-version":[{"id":109746,"href":"https:\/\/eldiariodesanpedro.com.ar\/sitio\/wp-json\/wp\/v2\/posts\/109741\/revisions\/109746"}],"wp:featuredmedia":[{"embeddable":true,"href":"https:\/\/eldiariodesanpedro.com.ar\/sitio\/wp-json\/wp\/v2\/media\/109742"}],"wp:attachment":[{"href":"https:\/\/eldiariodesanpedro.com.ar\/sitio\/wp-json\/wp\/v2\/media?parent=109741"}],"wp:term":[{"taxonomy":"category","embeddable":true,"href":"https:\/\/eldiariodesanpedro.com.ar\/sitio\/wp-json\/wp\/v2\/categories?post=109741"},{"taxonomy":"post_tag","embeddable":true,"href":"https:\/\/eldiariodesanpedro.com.ar\/sitio\/wp-json\/wp\/v2\/tags?post=109741"}],"curies":[{"name":"wp","href":"https:\/\/api.w.org\/{rel}","templated":true}]}}