{"id":109736,"date":"2022-08-16T09:53:57","date_gmt":"2022-08-16T12:53:57","guid":{"rendered":"https:\/\/eldiariodesanpedro.com.ar\/sitio\/?p=109736"},"modified":"2022-08-16T09:53:58","modified_gmt":"2022-08-16T12:53:58","slug":"100-aniversario-de-la-escuela-primaria-n-28-e-inauguracion-de-edificio-del-jirimm-n-3-del-paraje-beladrich","status":"publish","type":"post","link":"https:\/\/eldiariodesanpedro.com.ar\/sitio\/100-aniversario-de-la-escuela-primaria-n-28-e-inauguracion-de-edificio-del-jirimm-n-3-del-paraje-beladrich\/","title":{"rendered":"100\u00b0 aniversario de la Escuela Primaria N\u00b0 28 e inauguraci\u00f3n de edificio del JIRIMM N\u00b0 3 del Paraje Beladrich"},"content":{"rendered":"<!-- VideographyWP Plugin Message: Automatic video embedding prevented by plugin options. -->\n\n<p>Esta tarde el Intendente Municipal, Dr. Ram\u00f3n Salazar particip\u00f3 del acto por el 100\u00b0 aniversario de la Escuela Primaria N\u00b0 28 \u201cLuis M. Barbieri\u201d del Paraje Beladrich, en el que adem\u00e1s se llev\u00f3 a cabo la inauguraci\u00f3n del edificio para el JIRIMM N\u00b03.<\/p>\n\n\n\n<p>La actividad comenz\u00f3 con el toque de la hist\u00f3rica campana con la que cuenta la instituci\u00f3n, seguidamente el Intendente Salazar, el Presidente del Consejo Escolar, Jorge D\u2019Andrea; la Inspectora Jefe Regional, Marcela Mor\u00e9 y las Directoras de las instituciones Mik Jaquelina Ruth y Marcela Wendling, destaparon las placas conmemorativas de ambos establecimientos en las que se reflejan los 100 a\u00f1os de la Escuela Primaria N\u00b0 28 y la inauguraci\u00f3n del espacio en donde funcionar\u00e1 el JIRIMM N\u00b03.<\/p>\n\n\n\n<p>Izaron la bandera egresados de la instituci\u00f3n, quienes fueron convocados para revivir aquellos momentos de sus pasados estudiantiles entonando aurora y para cantar el Himno Nacional, interpretado por la banda \u201cEl Ensamble\u201d del Conservatorio Carlos Guastavino, las banderas de ceremonia fueron portadas por estudiantes que concurren en la actualidad.<\/p>\n\n\n\n<p>El Intendente Salazar se mostr\u00f3 muy contento por participar en los festejos de estos 100 a\u00f1os de la instituci\u00f3n y reafirm\u00f3 su compromiso con las instituciones educativas asegurando que \u201cdesde el Municipio estamos para colaborar en lo que sea necesario porque la educaci\u00f3n es fundamental para salir adelante\u201d.<\/p>\n\n\n\n<p>Finalmente, el cuerpo de baile \u201cCoraz\u00f3n de mi Pueblo\u201d de Santa Luc\u00eda interpret\u00f3 una danza folcl\u00f3rica y los alumnos de ambas instituciones entonaron la canci\u00f3n \u201cUn Regalo\u201d acompa\u00f1ados por Ivana Rodr\u00edguez y Germ\u00e1n Noat.<\/p>\n\n\n\n<figure class=\"wp-block-image size-full\"><img decoding=\"async\" width=\"840\" height=\"630\" data-attachment-id=\"109738\" data-permalink=\"https:\/\/eldiariodesanpedro.com.ar\/sitio\/100-aniversario-de-la-escuela-primaria-n-28-e-inauguracion-de-edificio-del-jirimm-n-3-del-paraje-beladrich\/whatsapp-image-2022-08-13-at-3-12-03-pm\/\" data-orig-file=\"https:\/\/eldiariodesanpedro.com.ar\/sitio\/wp-content\/uploads\/2022\/08\/WhatsApp-Image-2022-08-13-at-3.12.03-PM.jpeg\" data-orig-size=\"840,630\" data-comments-opened=\"0\" data-image-meta=\"{&quot;aperture&quot;:&quot;0&quot;,&quot;credit&quot;:&quot;&quot;,&quot;camera&quot;:&quot;&quot;,&quot;caption&quot;:&quot;&quot;,&quot;created_timestamp&quot;:&quot;0&quot;,&quot;copyright&quot;:&quot;&quot;,&quot;focal_length&quot;:&quot;0&quot;,&quot;iso&quot;:&quot;0&quot;,&quot;shutter_speed&quot;:&quot;0&quot;,&quot;title&quot;:&quot;&quot;,&quot;orientation&quot;:&quot;0&quot;}\" data-image-title=\"WhatsApp Image 2022-08-13 at 3.12.03 PM\" data-image-description=\"\" data-image-caption=\"\" data-large-file=\"https:\/\/eldiariodesanpedro.com.ar\/sitio\/wp-content\/uploads\/2022\/08\/WhatsApp-Image-2022-08-13-at-3.12.03-PM.jpeg\" data-src=\"https:\/\/eldiariodesanpedro.com.ar\/sitio\/wp-content\/uploads\/2022\/08\/WhatsApp-Image-2022-08-13-at-3.12.03-PM.jpeg\" alt=\"\" class=\"wp-image-109738 lazyload\" data-srcset=\"https:\/\/eldiariodesanpedro.com.ar\/sitio\/wp-content\/uploads\/2022\/08\/WhatsApp-Image-2022-08-13-at-3.12.03-PM.jpeg 840w, https:\/\/eldiariodesanpedro.com.ar\/sitio\/wp-content\/uploads\/2022\/08\/WhatsApp-Image-2022-08-13-at-3.12.03-PM-300x225.jpeg 300w, https:\/\/eldiariodesanpedro.com.ar\/sitio\/wp-content\/uploads\/2022\/08\/WhatsApp-Image-2022-08-13-at-3.12.03-PM-768x576.jpeg 768w, https:\/\/eldiariodesanpedro.com.ar\/sitio\/wp-content\/uploads\/2022\/08\/WhatsApp-Image-2022-08-13-at-3.12.03-PM-272x204.jpeg 272w\" data-sizes=\"(max-width: 840px) 100vw, 840px\" src=\"data:image\/svg+xml;base64,PHN2ZyB3aWR0aD0iMSIgaGVpZ2h0PSIxIiB4bWxucz0iaHR0cDovL3d3dy53My5vcmcvMjAwMC9zdmciPjwvc3ZnPg==\" style=\"--smush-placeholder-width: 840px; --smush-placeholder-aspect-ratio: 840\/630;\" \/><\/figure>\n\n\n\n<figure class=\"wp-block-image size-full\"><img decoding=\"async\" width=\"840\" height=\"630\" data-attachment-id=\"109739\" data-permalink=\"https:\/\/eldiariodesanpedro.com.ar\/sitio\/100-aniversario-de-la-escuela-primaria-n-28-e-inauguracion-de-edificio-del-jirimm-n-3-del-paraje-beladrich\/whatsapp-image-2022-08-13-at-3-12-04-pm\/\" data-orig-file=\"https:\/\/eldiariodesanpedro.com.ar\/sitio\/wp-content\/uploads\/2022\/08\/WhatsApp-Image-2022-08-13-at-3.12.04-PM.jpeg\" data-orig-size=\"840,630\" data-comments-opened=\"0\" data-image-meta=\"{&quot;aperture&quot;:&quot;0&quot;,&quot;credit&quot;:&quot;&quot;,&quot;camera&quot;:&quot;&quot;,&quot;caption&quot;:&quot;&quot;,&quot;created_timestamp&quot;:&quot;0&quot;,&quot;copyright&quot;:&quot;&quot;,&quot;focal_length&quot;:&quot;0&quot;,&quot;iso&quot;:&quot;0&quot;,&quot;shutter_speed&quot;:&quot;0&quot;,&quot;title&quot;:&quot;&quot;,&quot;orientation&quot;:&quot;0&quot;}\" data-image-title=\"WhatsApp Image 2022-08-13 at 3.12.04 PM\" data-image-description=\"\" data-image-caption=\"\" data-large-file=\"https:\/\/eldiariodesanpedro.com.ar\/sitio\/wp-content\/uploads\/2022\/08\/WhatsApp-Image-2022-08-13-at-3.12.04-PM.jpeg\" data-src=\"https:\/\/eldiariodesanpedro.com.ar\/sitio\/wp-content\/uploads\/2022\/08\/WhatsApp-Image-2022-08-13-at-3.12.04-PM.jpeg\" alt=\"\" class=\"wp-image-109739 lazyload\" data-srcset=\"https:\/\/eldiariodesanpedro.com.ar\/sitio\/wp-content\/uploads\/2022\/08\/WhatsApp-Image-2022-08-13-at-3.12.04-PM.jpeg 840w, https:\/\/eldiariodesanpedro.com.ar\/sitio\/wp-content\/uploads\/2022\/08\/WhatsApp-Image-2022-08-13-at-3.12.04-PM-300x225.jpeg 300w, https:\/\/eldiariodesanpedro.com.ar\/sitio\/wp-content\/uploads\/2022\/08\/WhatsApp-Image-2022-08-13-at-3.12.04-PM-768x576.jpeg 768w, https:\/\/eldiariodesanpedro.com.ar\/sitio\/wp-content\/uploads\/2022\/08\/WhatsApp-Image-2022-08-13-at-3.12.04-PM-272x204.jpeg 272w\" data-sizes=\"(max-width: 840px) 100vw, 840px\" src=\"data:image\/svg+xml;base64,PHN2ZyB3aWR0aD0iMSIgaGVpZ2h0PSIxIiB4bWxucz0iaHR0cDovL3d3dy53My5vcmcvMjAwMC9zdmciPjwvc3ZnPg==\" style=\"--smush-placeholder-width: 840px; --smush-placeholder-aspect-ratio: 840\/630;\" \/><\/figure>\n","protected":false},"excerpt":{"rendered":"<p>Esta tarde el Intendente Municipal, Dr. Ram\u00f3n Salazar particip\u00f3 del acto por el 100\u00b0 aniversario de la Escuela Primaria N\u00b0 28 \u201cLuis M. Barbieri\u201d del Paraje Beladrich, en el que adem\u00e1s se llev\u00f3 a cabo la inauguraci\u00f3n del edificio para el JIRIMM N\u00b03. La actividad comenz\u00f3 con el toque de la hist\u00f3rica campana con la [&hellip;]<\/p>\n","protected":false},"author":4,"featured_media":109737,"comment_status":"closed","ping_status":"closed","sticky":false,"template":"","format":"standard","meta":{"om_disable_all_campaigns":false,"_jetpack_memberships_contains_paid_content":false,"footnotes":""},"categories":[50,101,2],"tags":[197,696,33,19],"class_list":["post-109736","post","type-post","status-publish","format-standard","has-post-thumbnail","hentry","category-destacadas","category-interes-general-locales","category-locales","tag-buenos-aires","tag-interes-general","tag-locales","tag-san-pedro"],"aioseo_notices":[],"gutentor_comment":0,"jetpack_featured_media_url":"https:\/\/eldiariodesanpedro.com.ar\/sitio\/wp-content\/uploads\/2022\/08\/WhatsApp-Image-2022-08-13-at-3.12.01-PM.jpeg","jetpack_shortlink":"https:\/\/wp.me\/p6RhLt-sxW","jetpack_sharing_enabled":true,"_links":{"self":[{"href":"https:\/\/eldiariodesanpedro.com.ar\/sitio\/wp-json\/wp\/v2\/posts\/109736","targetHints":{"allow":["GET"]}}],"collection":[{"href":"https:\/\/eldiariodesanpedro.com.ar\/sitio\/wp-json\/wp\/v2\/posts"}],"about":[{"href":"https:\/\/eldiariodesanpedro.com.ar\/sitio\/wp-json\/wp\/v2\/types\/post"}],"author":[{"embeddable":true,"href":"https:\/\/eldiariodesanpedro.com.ar\/sitio\/wp-json\/wp\/v2\/users\/4"}],"replies":[{"embeddable":true,"href":"https:\/\/eldiariodesanpedro.com.ar\/sitio\/wp-json\/wp\/v2\/comments?post=109736"}],"version-history":[{"count":1,"href":"https:\/\/eldiariodesanpedro.com.ar\/sitio\/wp-json\/wp\/v2\/posts\/109736\/revisions"}],"predecessor-version":[{"id":109740,"href":"https:\/\/eldiariodesanpedro.com.ar\/sitio\/wp-json\/wp\/v2\/posts\/109736\/revisions\/109740"}],"wp:featuredmedia":[{"embeddable":true,"href":"https:\/\/eldiariodesanpedro.com.ar\/sitio\/wp-json\/wp\/v2\/media\/109737"}],"wp:attachment":[{"href":"https:\/\/eldiariodesanpedro.com.ar\/sitio\/wp-json\/wp\/v2\/media?parent=109736"}],"wp:term":[{"taxonomy":"category","embeddable":true,"href":"https:\/\/eldiariodesanpedro.com.ar\/sitio\/wp-json\/wp\/v2\/categories?post=109736"},{"taxonomy":"post_tag","embeddable":true,"href":"https:\/\/eldiariodesanpedro.com.ar\/sitio\/wp-json\/wp\/v2\/tags?post=109736"}],"curies":[{"name":"wp","href":"https:\/\/api.w.org\/{rel}","templated":true}]}}