{"id":109732,"date":"2022-08-12T18:27:25","date_gmt":"2022-08-12T21:27:25","guid":{"rendered":"https:\/\/eldiariodesanpedro.com.ar\/sitio\/?p=109732"},"modified":"2022-08-12T18:27:26","modified_gmt":"2022-08-12T21:27:26","slug":"un-ciudadano-de-37-anos-detenido-solicitado-por-el-juzgado-de-san-nicolas","status":"publish","type":"post","link":"https:\/\/eldiariodesanpedro.com.ar\/sitio\/un-ciudadano-de-37-anos-detenido-solicitado-por-el-juzgado-de-san-nicolas\/","title":{"rendered":"Un ciudadano de 37 a\u00f1os detenido solicitado por el juzgado de San Nicol\u00e1s"},"content":{"rendered":"<!-- VideographyWP Plugin Message: Automatic video embedding prevented by plugin options. -->\n\n<p>En la noche de ayer, siendo las 21 horas, el personal policial en el marco de causa por amenazas reiteradas, amenazas agravadas y desobediencia en concurso real, en calle Pedro Cabrera y Nieto de Torres sobre la v\u00eda p\u00fablica, procede a la detenci\u00f3n de un ciudadano de 37 a\u00f1os de edad, quien registra detenci\u00f3n por orden judicial a requerimiento del juez de ejecuci\u00f3n penal de San Nicol\u00e1s.&nbsp;<\/p>\n\n\n\n<p>Mismo permanecer\u00e1 alojado hasta su remisi\u00f3n a una Unidad Carcelaria.<\/p>\n","protected":false},"excerpt":{"rendered":"<p>En la noche de ayer, siendo las 21 horas, el personal policial en el marco de causa por amenazas reiteradas, amenazas agravadas y desobediencia en concurso real, en calle Pedro Cabrera y Nieto de Torres sobre la v\u00eda p\u00fablica, procede a la detenci\u00f3n de un ciudadano de 37 a\u00f1os de edad, quien registra detenci\u00f3n por [&hellip;]<\/p>\n","protected":false},"author":4,"featured_media":109726,"comment_status":"closed","ping_status":"closed","sticky":false,"template":"","format":"standard","meta":{"om_disable_all_campaigns":false,"_jetpack_memberships_contains_paid_content":false,"footnotes":""},"categories":[2,103],"tags":[197,33,95,19,2975],"class_list":["post-109732","post","type-post","status-publish","format-standard","has-post-thumbnail","hentry","category-locales","category-policiales-locales","tag-buenos-aires","tag-locales","tag-policiales","tag-san-pedro","tag-un-ciudadano-de-37-anos-detenido-solicitado-por-el-juzgado-de-san-nicolas"],"aioseo_notices":[],"gutentor_comment":0,"jetpack_featured_media_url":"https:\/\/eldiariodesanpedro.com.ar\/sitio\/wp-content\/uploads\/2022\/08\/WhatsApp-Image-2022-08-12-at-7.40.29-AM.jpeg","jetpack_shortlink":"https:\/\/wp.me\/p6RhLt-sxS","jetpack_sharing_enabled":true,"_links":{"self":[{"href":"https:\/\/eldiariodesanpedro.com.ar\/sitio\/wp-json\/wp\/v2\/posts\/109732","targetHints":{"allow":["GET"]}}],"collection":[{"href":"https:\/\/eldiariodesanpedro.com.ar\/sitio\/wp-json\/wp\/v2\/posts"}],"about":[{"href":"https:\/\/eldiariodesanpedro.com.ar\/sitio\/wp-json\/wp\/v2\/types\/post"}],"author":[{"embeddable":true,"href":"https:\/\/eldiariodesanpedro.com.ar\/sitio\/wp-json\/wp\/v2\/users\/4"}],"replies":[{"embeddable":true,"href":"https:\/\/eldiariodesanpedro.com.ar\/sitio\/wp-json\/wp\/v2\/comments?post=109732"}],"version-history":[{"count":1,"href":"https:\/\/eldiariodesanpedro.com.ar\/sitio\/wp-json\/wp\/v2\/posts\/109732\/revisions"}],"predecessor-version":[{"id":109733,"href":"https:\/\/eldiariodesanpedro.com.ar\/sitio\/wp-json\/wp\/v2\/posts\/109732\/revisions\/109733"}],"wp:featuredmedia":[{"embeddable":true,"href":"https:\/\/eldiariodesanpedro.com.ar\/sitio\/wp-json\/wp\/v2\/media\/109726"}],"wp:attachment":[{"href":"https:\/\/eldiariodesanpedro.com.ar\/sitio\/wp-json\/wp\/v2\/media?parent=109732"}],"wp:term":[{"taxonomy":"category","embeddable":true,"href":"https:\/\/eldiariodesanpedro.com.ar\/sitio\/wp-json\/wp\/v2\/categories?post=109732"},{"taxonomy":"post_tag","embeddable":true,"href":"https:\/\/eldiariodesanpedro.com.ar\/sitio\/wp-json\/wp\/v2\/tags?post=109732"}],"curies":[{"name":"wp","href":"https:\/\/api.w.org\/{rel}","templated":true}]}}