{"id":109728,"date":"2022-08-12T18:10:10","date_gmt":"2022-08-12T21:10:10","guid":{"rendered":"https:\/\/eldiariodesanpedro.com.ar\/sitio\/?p=109728"},"modified":"2022-08-12T18:10:10","modified_gmt":"2022-08-12T21:10:10","slug":"se-recuperaron-elementos-sustraidos-en-una-barberia-dias-atras","status":"publish","type":"post","link":"https:\/\/eldiariodesanpedro.com.ar\/sitio\/se-recuperaron-elementos-sustraidos-en-una-barberia-dias-atras\/","title":{"rendered":"Se recuperaron elementos sustra\u00eddos en una barber\u00eda d\u00edas atr\u00e1s"},"content":{"rendered":"<!-- VideographyWP Plugin Message: Automatic video embedding prevented by plugin options. -->\n\n<p>Referente a hecho de robo en una peluquer\u00eda ubicada en Av. 11 de Septiembre y Chacabuco, denunciada el d\u00eda lunes propiedad de un ciudadano de 29 a\u00f1os de edad, tras investigaciones realizadas, datos recogidos, en la tarde de ayer se procedi\u00f3 al secuestro de dos m\u00e1quinas sustra\u00eddas a v\u00edctima, posteriormente se llevaron a cabo diferentes diligencias de allanamiento, otorgadas por la justicia para con domicilios en el interior del Barrio 104 viviendas y en Miguel Porta al 1700 de \u00e9sta ciudad donde se procedi\u00f3 al secuestro de vestimenta utilizada por los delincuentes al momento de cometer el hecho.&nbsp;<\/p>\n\n\n\n<p>La v\u00edctima reconoci\u00f3 las maquinas secuestradas y la fiscal\u00eda interviniente dispuso su entrega, con respecto a los delincuentes dispuso que se contin\u00fae con los recaudos legales correspondientes.<\/p>\n\n\n\n<figure class=\"wp-block-image size-full\"><img decoding=\"async\" width=\"1001\" height=\"563\" data-attachment-id=\"109730\" data-permalink=\"https:\/\/eldiariodesanpedro.com.ar\/sitio\/se-recuperaron-elementos-sustraidos-en-una-barberia-dias-atras\/medida-227\/\" data-orig-file=\"https:\/\/eldiariodesanpedro.com.ar\/sitio\/wp-content\/uploads\/2022\/08\/medida-17.png\" data-orig-size=\"1001,563\" data-comments-opened=\"0\" data-image-meta=\"{&quot;aperture&quot;:&quot;0&quot;,&quot;credit&quot;:&quot;&quot;,&quot;camera&quot;:&quot;&quot;,&quot;caption&quot;:&quot;&quot;,&quot;created_timestamp&quot;:&quot;0&quot;,&quot;copyright&quot;:&quot;&quot;,&quot;focal_length&quot;:&quot;0&quot;,&quot;iso&quot;:&quot;0&quot;,&quot;shutter_speed&quot;:&quot;0&quot;,&quot;title&quot;:&quot;&quot;,&quot;orientation&quot;:&quot;0&quot;}\" data-image-title=\"medida\" data-image-description=\"\" data-image-caption=\"\" data-large-file=\"https:\/\/eldiariodesanpedro.com.ar\/sitio\/wp-content\/uploads\/2022\/08\/medida-17.png\" data-src=\"https:\/\/eldiariodesanpedro.com.ar\/sitio\/wp-content\/uploads\/2022\/08\/medida-17.png\" alt=\"\" class=\"wp-image-109730 lazyload\" data-srcset=\"https:\/\/eldiariodesanpedro.com.ar\/sitio\/wp-content\/uploads\/2022\/08\/medida-17.png 1001w, https:\/\/eldiariodesanpedro.com.ar\/sitio\/wp-content\/uploads\/2022\/08\/medida-17-300x169.png 300w, https:\/\/eldiariodesanpedro.com.ar\/sitio\/wp-content\/uploads\/2022\/08\/medida-17-768x432.png 768w\" data-sizes=\"(max-width: 1001px) 100vw, 1001px\" src=\"data:image\/svg+xml;base64,PHN2ZyB3aWR0aD0iMSIgaGVpZ2h0PSIxIiB4bWxucz0iaHR0cDovL3d3dy53My5vcmcvMjAwMC9zdmciPjwvc3ZnPg==\" style=\"--smush-placeholder-width: 1001px; --smush-placeholder-aspect-ratio: 1001\/563;\" \/><\/figure>\n","protected":false},"excerpt":{"rendered":"<p>Referente a hecho de robo en una peluquer\u00eda ubicada en Av. 11 de Septiembre y Chacabuco, denunciada el d\u00eda lunes propiedad de un ciudadano de 29 a\u00f1os de edad, tras investigaciones realizadas, datos recogidos, en la tarde de ayer se procedi\u00f3 al secuestro de dos m\u00e1quinas sustra\u00eddas a v\u00edctima, posteriormente se llevaron a cabo diferentes [&hellip;]<\/p>\n","protected":false},"author":4,"featured_media":109729,"comment_status":"closed","ping_status":"closed","sticky":false,"template":"","format":"standard","meta":{"om_disable_all_campaigns":false,"_jetpack_memberships_contains_paid_content":false,"footnotes":""},"categories":[2,103],"tags":[197,33,95,19],"class_list":["post-109728","post","type-post","status-publish","format-standard","has-post-thumbnail","hentry","category-locales","category-policiales-locales","tag-buenos-aires","tag-locales","tag-policiales","tag-san-pedro"],"aioseo_notices":[],"gutentor_comment":0,"jetpack_featured_media_url":"https:\/\/eldiariodesanpedro.com.ar\/sitio\/wp-content\/uploads\/2022\/08\/medida-16.png","jetpack_shortlink":"https:\/\/wp.me\/p6RhLt-sxO","jetpack_sharing_enabled":true,"_links":{"self":[{"href":"https:\/\/eldiariodesanpedro.com.ar\/sitio\/wp-json\/wp\/v2\/posts\/109728","targetHints":{"allow":["GET"]}}],"collection":[{"href":"https:\/\/eldiariodesanpedro.com.ar\/sitio\/wp-json\/wp\/v2\/posts"}],"about":[{"href":"https:\/\/eldiariodesanpedro.com.ar\/sitio\/wp-json\/wp\/v2\/types\/post"}],"author":[{"embeddable":true,"href":"https:\/\/eldiariodesanpedro.com.ar\/sitio\/wp-json\/wp\/v2\/users\/4"}],"replies":[{"embeddable":true,"href":"https:\/\/eldiariodesanpedro.com.ar\/sitio\/wp-json\/wp\/v2\/comments?post=109728"}],"version-history":[{"count":1,"href":"https:\/\/eldiariodesanpedro.com.ar\/sitio\/wp-json\/wp\/v2\/posts\/109728\/revisions"}],"predecessor-version":[{"id":109731,"href":"https:\/\/eldiariodesanpedro.com.ar\/sitio\/wp-json\/wp\/v2\/posts\/109728\/revisions\/109731"}],"wp:featuredmedia":[{"embeddable":true,"href":"https:\/\/eldiariodesanpedro.com.ar\/sitio\/wp-json\/wp\/v2\/media\/109729"}],"wp:attachment":[{"href":"https:\/\/eldiariodesanpedro.com.ar\/sitio\/wp-json\/wp\/v2\/media?parent=109728"}],"wp:term":[{"taxonomy":"category","embeddable":true,"href":"https:\/\/eldiariodesanpedro.com.ar\/sitio\/wp-json\/wp\/v2\/categories?post=109728"},{"taxonomy":"post_tag","embeddable":true,"href":"https:\/\/eldiariodesanpedro.com.ar\/sitio\/wp-json\/wp\/v2\/tags?post=109728"}],"curies":[{"name":"wp","href":"https:\/\/api.w.org\/{rel}","templated":true}]}}