{"id":109725,"date":"2022-08-12T17:41:48","date_gmt":"2022-08-12T20:41:48","guid":{"rendered":"https:\/\/eldiariodesanpedro.com.ar\/sitio\/?p=109725"},"modified":"2022-08-12T18:29:08","modified_gmt":"2022-08-12T21:29:08","slug":"un-delincuente-aprehendido-con-pedido-de-captura-activo","status":"publish","type":"post","link":"https:\/\/eldiariodesanpedro.com.ar\/sitio\/un-delincuente-aprehendido-con-pedido-de-captura-activo\/","title":{"rendered":"Un delincuente aprehendido con pedido de captura activo"},"content":{"rendered":"<!-- VideographyWP Plugin Message: Automatic video embedding prevented by plugin options. -->\n\n<p>En la tarde de ayer, siendo las 18 horas, el personal policial se hizo presente en calle Cucit al 800,sobre la&nbsp; v\u00eda p\u00fablica llevaron a cabo la aprehensi\u00f3n de un ciudadano de 27 a\u00f1os de edad, quien registra pedido captura activo fecha del a\u00f1o 2015, hecho caratulado robo, con intervenci\u00f3n del Juzgado Oral en lo criminal de CABA.-<\/p>\n","protected":false},"excerpt":{"rendered":"<p>En la tarde de ayer, siendo las 18 horas, el personal policial se hizo presente en calle Cucit al 800,sobre la&nbsp; v\u00eda p\u00fablica llevaron a cabo la aprehensi\u00f3n de un ciudadano de 27 a\u00f1os de edad, quien registra pedido captura activo fecha del a\u00f1o 2015, hecho caratulado robo, con intervenci\u00f3n del Juzgado Oral en lo [&hellip;]<\/p>\n","protected":false},"author":4,"featured_media":76955,"comment_status":"closed","ping_status":"closed","sticky":false,"template":"","format":"standard","meta":{"om_disable_all_campaigns":false,"_jetpack_memberships_contains_paid_content":false,"footnotes":""},"categories":[2,103],"tags":[197,33,95,19,2974],"class_list":["post-109725","post","type-post","status-publish","format-standard","has-post-thumbnail","hentry","category-locales","category-policiales-locales","tag-buenos-aires","tag-locales","tag-policiales","tag-san-pedro","tag-un-delincuente-aprehendido-con-pedido-de-captura-activo"],"aioseo_notices":[],"gutentor_comment":0,"jetpack_featured_media_url":"https:\/\/eldiariodesanpedro.com.ar\/sitio\/wp-content\/uploads\/2020\/06\/detenido-esposado.jpg","jetpack_shortlink":"https:\/\/wp.me\/p6RhLt-sxL","jetpack_sharing_enabled":true,"_links":{"self":[{"href":"https:\/\/eldiariodesanpedro.com.ar\/sitio\/wp-json\/wp\/v2\/posts\/109725","targetHints":{"allow":["GET"]}}],"collection":[{"href":"https:\/\/eldiariodesanpedro.com.ar\/sitio\/wp-json\/wp\/v2\/posts"}],"about":[{"href":"https:\/\/eldiariodesanpedro.com.ar\/sitio\/wp-json\/wp\/v2\/types\/post"}],"author":[{"embeddable":true,"href":"https:\/\/eldiariodesanpedro.com.ar\/sitio\/wp-json\/wp\/v2\/users\/4"}],"replies":[{"embeddable":true,"href":"https:\/\/eldiariodesanpedro.com.ar\/sitio\/wp-json\/wp\/v2\/comments?post=109725"}],"version-history":[{"count":2,"href":"https:\/\/eldiariodesanpedro.com.ar\/sitio\/wp-json\/wp\/v2\/posts\/109725\/revisions"}],"predecessor-version":[{"id":109734,"href":"https:\/\/eldiariodesanpedro.com.ar\/sitio\/wp-json\/wp\/v2\/posts\/109725\/revisions\/109734"}],"wp:featuredmedia":[{"embeddable":true,"href":"https:\/\/eldiariodesanpedro.com.ar\/sitio\/wp-json\/wp\/v2\/media\/76955"}],"wp:attachment":[{"href":"https:\/\/eldiariodesanpedro.com.ar\/sitio\/wp-json\/wp\/v2\/media?parent=109725"}],"wp:term":[{"taxonomy":"category","embeddable":true,"href":"https:\/\/eldiariodesanpedro.com.ar\/sitio\/wp-json\/wp\/v2\/categories?post=109725"},{"taxonomy":"post_tag","embeddable":true,"href":"https:\/\/eldiariodesanpedro.com.ar\/sitio\/wp-json\/wp\/v2\/tags?post=109725"}],"curies":[{"name":"wp","href":"https:\/\/api.w.org\/{rel}","templated":true}]}}