{"id":109723,"date":"2022-08-12T17:10:46","date_gmt":"2022-08-12T20:10:46","guid":{"rendered":"https:\/\/eldiariodesanpedro.com.ar\/sitio\/?p=109723"},"modified":"2022-08-12T17:10:47","modified_gmt":"2022-08-12T20:10:47","slug":"vecinos-quisieron-golpear-con-palos-y-ladrillos-a-un-joven-que-sufre-esquizofrenia","status":"publish","type":"post","link":"https:\/\/eldiariodesanpedro.com.ar\/sitio\/vecinos-quisieron-golpear-con-palos-y-ladrillos-a-un-joven-que-sufre-esquizofrenia\/","title":{"rendered":"Vecinos quisieron golpear con palos y ladrillos a un joven que sufre esquizofrenia"},"content":{"rendered":"<!-- VideographyWP Plugin Message: Automatic video embedding prevented by plugin options. -->\n\n<p>En el d\u00eda de ayer siendo las 09:30 horas, denunci\u00f3 una mujer de 57 a\u00f1os de edad, que el d\u00eda martes se encontraba en su vivienda ubicada en Calle 64 al&nbsp; 800, cuando al escuchar un tumulto de gente afuera de su vivienda, egresa y da vista a varias personas con palos y ladrillos encontr\u00e1ndose enojados.&nbsp;<\/p>\n\n\n\n<p>La denunciante refiere que su hijo el cual sufre esquizofrenia habr\u00eda mantenido conflicto con ellos, conflicto de larga data.&nbsp;<\/p>\n\n\n\n<p>Interviene U.F.I. N\u00b0 05 San Pedro.-<\/p>\n","protected":false},"excerpt":{"rendered":"<p>En el d\u00eda de ayer siendo las 09:30 horas, denunci\u00f3 una mujer de 57 a\u00f1os de edad, que el d\u00eda martes se encontraba en su vivienda ubicada en Calle 64 al&nbsp; 800, cuando al escuchar un tumulto de gente afuera de su vivienda, egresa y da vista a varias personas con palos y ladrillos encontr\u00e1ndose [&hellip;]<\/p>\n","protected":false},"author":4,"featured_media":56528,"comment_status":"closed","ping_status":"closed","sticky":false,"template":"","format":"standard","meta":{"om_disable_all_campaigns":false,"_jetpack_memberships_contains_paid_content":false,"footnotes":""},"categories":[2,103],"tags":[197,696,33,19],"class_list":["post-109723","post","type-post","status-publish","format-standard","has-post-thumbnail","hentry","category-locales","category-policiales-locales","tag-buenos-aires","tag-interes-general","tag-locales","tag-san-pedro"],"aioseo_notices":[],"gutentor_comment":0,"jetpack_featured_media_url":"https:\/\/eldiariodesanpedro.com.ar\/sitio\/wp-content\/uploads\/2019\/07\/patrulla66-1024x680.jpg","jetpack_shortlink":"https:\/\/wp.me\/p6RhLt-sxJ","jetpack_sharing_enabled":true,"_links":{"self":[{"href":"https:\/\/eldiariodesanpedro.com.ar\/sitio\/wp-json\/wp\/v2\/posts\/109723","targetHints":{"allow":["GET"]}}],"collection":[{"href":"https:\/\/eldiariodesanpedro.com.ar\/sitio\/wp-json\/wp\/v2\/posts"}],"about":[{"href":"https:\/\/eldiariodesanpedro.com.ar\/sitio\/wp-json\/wp\/v2\/types\/post"}],"author":[{"embeddable":true,"href":"https:\/\/eldiariodesanpedro.com.ar\/sitio\/wp-json\/wp\/v2\/users\/4"}],"replies":[{"embeddable":true,"href":"https:\/\/eldiariodesanpedro.com.ar\/sitio\/wp-json\/wp\/v2\/comments?post=109723"}],"version-history":[{"count":1,"href":"https:\/\/eldiariodesanpedro.com.ar\/sitio\/wp-json\/wp\/v2\/posts\/109723\/revisions"}],"predecessor-version":[{"id":109724,"href":"https:\/\/eldiariodesanpedro.com.ar\/sitio\/wp-json\/wp\/v2\/posts\/109723\/revisions\/109724"}],"wp:featuredmedia":[{"embeddable":true,"href":"https:\/\/eldiariodesanpedro.com.ar\/sitio\/wp-json\/wp\/v2\/media\/56528"}],"wp:attachment":[{"href":"https:\/\/eldiariodesanpedro.com.ar\/sitio\/wp-json\/wp\/v2\/media?parent=109723"}],"wp:term":[{"taxonomy":"category","embeddable":true,"href":"https:\/\/eldiariodesanpedro.com.ar\/sitio\/wp-json\/wp\/v2\/categories?post=109723"},{"taxonomy":"post_tag","embeddable":true,"href":"https:\/\/eldiariodesanpedro.com.ar\/sitio\/wp-json\/wp\/v2\/tags?post=109723"}],"curies":[{"name":"wp","href":"https:\/\/api.w.org\/{rel}","templated":true}]}}