{"id":109716,"date":"2022-08-12T16:46:19","date_gmt":"2022-08-12T19:46:19","guid":{"rendered":"https:\/\/eldiariodesanpedro.com.ar\/sitio\/?p=109716"},"modified":"2022-08-12T16:48:42","modified_gmt":"2022-08-12T19:48:42","slug":"la-sampedrina-brenda-rojas-obtuvo-una-medalla-dorada-y-una-plateada-en-k1-este-viernes-en-las-finales-del-mundial-de-canada","status":"publish","type":"post","link":"https:\/\/eldiariodesanpedro.com.ar\/sitio\/la-sampedrina-brenda-rojas-obtuvo-una-medalla-dorada-y-una-plateada-en-k1-este-viernes-en-las-finales-del-mundial-de-canada\/","title":{"rendered":"La sampedrina Brenda Rojas obtuvo una medalla dorada y una plateada en K1 este viernes en las finales del Mundial de Canad\u00e1"},"content":{"rendered":"<!-- VideographyWP Plugin Message: Automatic video embedding prevented by plugin options. -->\n\n<p>En una gran competici\u00f3n y a un gran nivel la sampedrina logr\u00f3 tres medallas una dorada y dos plateadas en el Mundial de Canotaje que se realiz\u00f3 en Canad\u00e1 esta semana.<\/p>\n\n\n\n<p>En la jornada de hoy se llevaron a cabo las finales en Canad\u00e1 y nuestra representante sampedrina del barrio Las Canaletas particip\u00f3 en la final de K1 100 Metros obteniendo la medalla dorada&nbsp; y luego m\u00e1s tarde particip\u00f3 de K1 500 M terminando en el segundo lugar.<\/p>\n\n\n\n<p>D\u00edas atr\u00e1s Brenda Rojas y Magdalena Garro conquistaron la medalla de plata en K2 500 metros.<\/p>\n\n\n\n<p>Una excelente performance que le da la clasificaci\u00f3n directa a los Juegos Panamericanos de Chile 2023.<\/p>\n\n\n\n<p>Este s\u00e1bado alrededor de las 19 hs la \u00abcarpincha sampedrina\u00bb ser\u00e1 recibida por los ciudadanos, familiares y amigos en Mitre y 1001 desde donde partir\u00e1 una caravana por la ciudad como premio a su gran esfuerzo.<\/p>\n\n\n\n<iframe data-src=\"https:\/\/www.facebook.com\/plugins\/video.php?height=317&#038;href=https%3A%2F%2Fwww.facebook.com%2Fdiariosp2%2Fvideos%2F1104881320431677%2F&#038;show_text=false&#038;width=560&#038;t=0\" width=\"560\" height=\"317\" style=\"border:none;overflow:hidden\" scrolling=\"no\" frameborder=\"0\" allowfullscreen=\"true\" allow=\"autoplay; clipboard-write; encrypted-media; picture-in-picture; web-share\" allowFullScreen=\"true\" src=\"data:image\/svg+xml;base64,PHN2ZyB3aWR0aD0iMSIgaGVpZ2h0PSIxIiB4bWxucz0iaHR0cDovL3d3dy53My5vcmcvMjAwMC9zdmciPjwvc3ZnPg==\" class=\"lazyload\" data-load-mode=\"1\"><\/iframe>\n\n\n\n<figure class=\"wp-block-image size-full\"><img decoding=\"async\" width=\"473\" height=\"630\" data-attachment-id=\"109719\" data-permalink=\"https:\/\/eldiariodesanpedro.com.ar\/sitio\/la-sampedrina-brenda-rojas-obtuvo-una-medalla-dorada-y-una-plateada-en-k1-este-viernes-en-las-finales-del-mundial-de-canada\/whatsapp-image-2022-08-12-at-4-31-19-pm\/\" data-orig-file=\"https:\/\/eldiariodesanpedro.com.ar\/sitio\/wp-content\/uploads\/2022\/08\/WhatsApp-Image-2022-08-12-at-4.31.19-PM.jpeg\" data-orig-size=\"473,630\" data-comments-opened=\"0\" data-image-meta=\"{&quot;aperture&quot;:&quot;0&quot;,&quot;credit&quot;:&quot;&quot;,&quot;camera&quot;:&quot;&quot;,&quot;caption&quot;:&quot;&quot;,&quot;created_timestamp&quot;:&quot;0&quot;,&quot;copyright&quot;:&quot;&quot;,&quot;focal_length&quot;:&quot;0&quot;,&quot;iso&quot;:&quot;0&quot;,&quot;shutter_speed&quot;:&quot;0&quot;,&quot;title&quot;:&quot;&quot;,&quot;orientation&quot;:&quot;0&quot;}\" data-image-title=\"WhatsApp-Image-2022-08-12-at-4.31.19-PM\" data-image-description=\"\" data-image-caption=\"\" data-large-file=\"https:\/\/eldiariodesanpedro.com.ar\/sitio\/wp-content\/uploads\/2022\/08\/WhatsApp-Image-2022-08-12-at-4.31.19-PM.jpeg\" data-src=\"https:\/\/eldiariodesanpedro.com.ar\/sitio\/wp-content\/uploads\/2022\/08\/WhatsApp-Image-2022-08-12-at-4.31.19-PM.jpeg\" alt=\"\" class=\"wp-image-109719 lazyload\" data-srcset=\"https:\/\/eldiariodesanpedro.com.ar\/sitio\/wp-content\/uploads\/2022\/08\/WhatsApp-Image-2022-08-12-at-4.31.19-PM.jpeg 473w, https:\/\/eldiariodesanpedro.com.ar\/sitio\/wp-content\/uploads\/2022\/08\/WhatsApp-Image-2022-08-12-at-4.31.19-PM-225x300.jpeg 225w\" data-sizes=\"(max-width: 473px) 100vw, 473px\" src=\"data:image\/svg+xml;base64,PHN2ZyB3aWR0aD0iMSIgaGVpZ2h0PSIxIiB4bWxucz0iaHR0cDovL3d3dy53My5vcmcvMjAwMC9zdmciPjwvc3ZnPg==\" style=\"--smush-placeholder-width: 473px; --smush-placeholder-aspect-ratio: 473\/630;\" \/><\/figure>\n\n\n\n<figure class=\"wp-block-image size-full\"><img decoding=\"async\" width=\"473\" height=\"630\" data-attachment-id=\"109720\" data-permalink=\"https:\/\/eldiariodesanpedro.com.ar\/sitio\/la-sampedrina-brenda-rojas-obtuvo-una-medalla-dorada-y-una-plateada-en-k1-este-viernes-en-las-finales-del-mundial-de-canada\/whatsapp-image-2022-08-12-at-4-34-58-pm\/\" data-orig-file=\"https:\/\/eldiariodesanpedro.com.ar\/sitio\/wp-content\/uploads\/2022\/08\/WhatsApp-Image-2022-08-12-at-4.34.58-PM.jpeg\" data-orig-size=\"473,630\" data-comments-opened=\"0\" data-image-meta=\"{&quot;aperture&quot;:&quot;0&quot;,&quot;credit&quot;:&quot;&quot;,&quot;camera&quot;:&quot;&quot;,&quot;caption&quot;:&quot;&quot;,&quot;created_timestamp&quot;:&quot;0&quot;,&quot;copyright&quot;:&quot;&quot;,&quot;focal_length&quot;:&quot;0&quot;,&quot;iso&quot;:&quot;0&quot;,&quot;shutter_speed&quot;:&quot;0&quot;,&quot;title&quot;:&quot;&quot;,&quot;orientation&quot;:&quot;0&quot;}\" data-image-title=\"WhatsApp Image 2022-08-12 at 4.34.58 PM\" data-image-description=\"\" data-image-caption=\"\" data-large-file=\"https:\/\/eldiariodesanpedro.com.ar\/sitio\/wp-content\/uploads\/2022\/08\/WhatsApp-Image-2022-08-12-at-4.34.58-PM.jpeg\" data-src=\"https:\/\/eldiariodesanpedro.com.ar\/sitio\/wp-content\/uploads\/2022\/08\/WhatsApp-Image-2022-08-12-at-4.34.58-PM.jpeg\" alt=\"\" class=\"wp-image-109720 lazyload\" data-srcset=\"https:\/\/eldiariodesanpedro.com.ar\/sitio\/wp-content\/uploads\/2022\/08\/WhatsApp-Image-2022-08-12-at-4.34.58-PM.jpeg 473w, https:\/\/eldiariodesanpedro.com.ar\/sitio\/wp-content\/uploads\/2022\/08\/WhatsApp-Image-2022-08-12-at-4.34.58-PM-225x300.jpeg 225w\" data-sizes=\"(max-width: 473px) 100vw, 473px\" src=\"data:image\/svg+xml;base64,PHN2ZyB3aWR0aD0iMSIgaGVpZ2h0PSIxIiB4bWxucz0iaHR0cDovL3d3dy53My5vcmcvMjAwMC9zdmciPjwvc3ZnPg==\" style=\"--smush-placeholder-width: 473px; --smush-placeholder-aspect-ratio: 473\/630;\" \/><\/figure>\n","protected":false},"excerpt":{"rendered":"<p>En una gran competici\u00f3n y a un gran nivel la sampedrina logr\u00f3 tres medallas una dorada y dos plateadas en el Mundial de Canotaje que se realiz\u00f3 en Canad\u00e1 esta semana. En la jornada de hoy se llevaron a cabo las finales en Canad\u00e1 y nuestra representante sampedrina del barrio Las Canaletas particip\u00f3 en la [&hellip;]<\/p>\n","protected":false},"author":4,"featured_media":109718,"comment_status":"closed","ping_status":"closed","sticky":false,"template":"","format":"standard","meta":{"om_disable_all_campaigns":false,"_jetpack_memberships_contains_paid_content":false,"footnotes":""},"categories":[50,101,2],"tags":[197,696,33,19],"class_list":["post-109716","post","type-post","status-publish","format-standard","has-post-thumbnail","hentry","category-destacadas","category-interes-general-locales","category-locales","tag-buenos-aires","tag-interes-general","tag-locales","tag-san-pedro"],"aioseo_notices":[],"gutentor_comment":0,"jetpack_featured_media_url":"https:\/\/eldiariodesanpedro.com.ar\/sitio\/wp-content\/uploads\/2022\/08\/medida-15.png","jetpack_shortlink":"https:\/\/wp.me\/p6RhLt-sxC","jetpack_sharing_enabled":true,"_links":{"self":[{"href":"https:\/\/eldiariodesanpedro.com.ar\/sitio\/wp-json\/wp\/v2\/posts\/109716","targetHints":{"allow":["GET"]}}],"collection":[{"href":"https:\/\/eldiariodesanpedro.com.ar\/sitio\/wp-json\/wp\/v2\/posts"}],"about":[{"href":"https:\/\/eldiariodesanpedro.com.ar\/sitio\/wp-json\/wp\/v2\/types\/post"}],"author":[{"embeddable":true,"href":"https:\/\/eldiariodesanpedro.com.ar\/sitio\/wp-json\/wp\/v2\/users\/4"}],"replies":[{"embeddable":true,"href":"https:\/\/eldiariodesanpedro.com.ar\/sitio\/wp-json\/wp\/v2\/comments?post=109716"}],"version-history":[{"count":2,"href":"https:\/\/eldiariodesanpedro.com.ar\/sitio\/wp-json\/wp\/v2\/posts\/109716\/revisions"}],"predecessor-version":[{"id":109722,"href":"https:\/\/eldiariodesanpedro.com.ar\/sitio\/wp-json\/wp\/v2\/posts\/109716\/revisions\/109722"}],"wp:featuredmedia":[{"embeddable":true,"href":"https:\/\/eldiariodesanpedro.com.ar\/sitio\/wp-json\/wp\/v2\/media\/109718"}],"wp:attachment":[{"href":"https:\/\/eldiariodesanpedro.com.ar\/sitio\/wp-json\/wp\/v2\/media?parent=109716"}],"wp:term":[{"taxonomy":"category","embeddable":true,"href":"https:\/\/eldiariodesanpedro.com.ar\/sitio\/wp-json\/wp\/v2\/categories?post=109716"},{"taxonomy":"post_tag","embeddable":true,"href":"https:\/\/eldiariodesanpedro.com.ar\/sitio\/wp-json\/wp\/v2\/tags?post=109716"}],"curies":[{"name":"wp","href":"https:\/\/api.w.org\/{rel}","templated":true}]}}