{"id":109710,"date":"2022-08-12T16:11:02","date_gmt":"2022-08-12T19:11:02","guid":{"rendered":"https:\/\/eldiariodesanpedro.com.ar\/sitio\/?p=109710"},"modified":"2022-08-12T16:11:03","modified_gmt":"2022-08-12T19:11:03","slug":"segundo-encuentro-del-programa-de-actualizacion-en-atencion-primaria-de-la-salud","status":"publish","type":"post","link":"https:\/\/eldiariodesanpedro.com.ar\/sitio\/segundo-encuentro-del-programa-de-actualizacion-en-atencion-primaria-de-la-salud\/","title":{"rendered":"Segundo Encuentro del Programa de Actualizaci\u00f3n en Atenci\u00f3n Primaria de la Salud"},"content":{"rendered":"<!-- VideographyWP Plugin Message: Automatic video embedding prevented by plugin options. -->\n\n<p>La Secretar\u00eda de Salud de la Municipalidad de San Pedro organiza este viernes 12, la segunda jornada de los encuentros en el marco del Programa de Actualizaci\u00f3n en Atenci\u00f3n Primaria. En este caso con el M\u00f3dulo 1 \u00abHipertensi\u00f3n Arterial, Tratamiento de la Emergencia y Urgencia Hipertensiva\u00bb y M\u00f3dulo 2, Prevenci\u00f3n Cardiovascular en APS.<\/p>\n\n\n\n<p>Entre los panelistas participar\u00e1 el Dr. Luis Keller, destacado m\u00e9dico especialista en Cardiolog\u00eda, Jefe de Unidad Coronaria el HECA de Rosario y Jefe de Cardiolog\u00eda del Sanatorio Brit\u00e1nico de la misma ciudad. La actividad se desarrollar\u00e1 desde las 18hs en el Howard Johnson Marinas.<\/p>\n\n\n\n<figure class=\"wp-block-image size-full\"><img decoding=\"async\" width=\"720\" height=\"412\" data-attachment-id=\"109711\" data-permalink=\"https:\/\/eldiariodesanpedro.com.ar\/sitio\/segundo-encuentro-del-programa-de-actualizacion-en-atencion-primaria-de-la-salud\/whatsapp-image-2022-08-12-at-8-47-38-am\/\" data-orig-file=\"https:\/\/eldiariodesanpedro.com.ar\/sitio\/wp-content\/uploads\/2022\/08\/WhatsApp-Image-2022-08-12-at-8.47.38-AM.jpeg\" data-orig-size=\"720,412\" data-comments-opened=\"0\" data-image-meta=\"{&quot;aperture&quot;:&quot;0&quot;,&quot;credit&quot;:&quot;&quot;,&quot;camera&quot;:&quot;&quot;,&quot;caption&quot;:&quot;&quot;,&quot;created_timestamp&quot;:&quot;0&quot;,&quot;copyright&quot;:&quot;&quot;,&quot;focal_length&quot;:&quot;0&quot;,&quot;iso&quot;:&quot;0&quot;,&quot;shutter_speed&quot;:&quot;0&quot;,&quot;title&quot;:&quot;&quot;,&quot;orientation&quot;:&quot;0&quot;}\" data-image-title=\"WhatsApp-Image-2022-08-12-at-8.47.38-AM\" data-image-description=\"\" data-image-caption=\"\" data-large-file=\"https:\/\/eldiariodesanpedro.com.ar\/sitio\/wp-content\/uploads\/2022\/08\/WhatsApp-Image-2022-08-12-at-8.47.38-AM.jpeg\" data-src=\"https:\/\/eldiariodesanpedro.com.ar\/sitio\/wp-content\/uploads\/2022\/08\/WhatsApp-Image-2022-08-12-at-8.47.38-AM.jpeg\" alt=\"\" class=\"wp-image-109711 lazyload\" data-srcset=\"https:\/\/eldiariodesanpedro.com.ar\/sitio\/wp-content\/uploads\/2022\/08\/WhatsApp-Image-2022-08-12-at-8.47.38-AM.jpeg 720w, https:\/\/eldiariodesanpedro.com.ar\/sitio\/wp-content\/uploads\/2022\/08\/WhatsApp-Image-2022-08-12-at-8.47.38-AM-300x172.jpeg 300w\" data-sizes=\"(max-width: 720px) 100vw, 720px\" src=\"data:image\/svg+xml;base64,PHN2ZyB3aWR0aD0iMSIgaGVpZ2h0PSIxIiB4bWxucz0iaHR0cDovL3d3dy53My5vcmcvMjAwMC9zdmciPjwvc3ZnPg==\" style=\"--smush-placeholder-width: 720px; --smush-placeholder-aspect-ratio: 720\/412;\" \/><\/figure>\n","protected":false},"excerpt":{"rendered":"<p>La Secretar\u00eda de Salud de la Municipalidad de San Pedro organiza este viernes 12, la segunda jornada de los encuentros en el marco del Programa de Actualizaci\u00f3n en Atenci\u00f3n Primaria. En este caso con el M\u00f3dulo 1 \u00abHipertensi\u00f3n Arterial, Tratamiento de la Emergencia y Urgencia Hipertensiva\u00bb y M\u00f3dulo 2, Prevenci\u00f3n Cardiovascular en APS. Entre los [&hellip;]<\/p>\n","protected":false},"author":4,"featured_media":109220,"comment_status":"closed","ping_status":"closed","sticky":false,"template":"","format":"standard","meta":{"om_disable_all_campaigns":false,"_jetpack_memberships_contains_paid_content":false,"footnotes":""},"categories":[101,2],"tags":[197,696,33,19],"class_list":["post-109710","post","type-post","status-publish","format-standard","has-post-thumbnail","hentry","category-interes-general-locales","category-locales","tag-buenos-aires","tag-interes-general","tag-locales","tag-san-pedro"],"aioseo_notices":[],"gutentor_comment":0,"jetpack_featured_media_url":"https:\/\/eldiariodesanpedro.com.ar\/sitio\/wp-content\/uploads\/2022\/08\/WhatsApp-Image-2022-07-30-at-11.32.15-AM.jpeg","jetpack_shortlink":"https:\/\/wp.me\/p6RhLt-sxw","jetpack_sharing_enabled":true,"_links":{"self":[{"href":"https:\/\/eldiariodesanpedro.com.ar\/sitio\/wp-json\/wp\/v2\/posts\/109710","targetHints":{"allow":["GET"]}}],"collection":[{"href":"https:\/\/eldiariodesanpedro.com.ar\/sitio\/wp-json\/wp\/v2\/posts"}],"about":[{"href":"https:\/\/eldiariodesanpedro.com.ar\/sitio\/wp-json\/wp\/v2\/types\/post"}],"author":[{"embeddable":true,"href":"https:\/\/eldiariodesanpedro.com.ar\/sitio\/wp-json\/wp\/v2\/users\/4"}],"replies":[{"embeddable":true,"href":"https:\/\/eldiariodesanpedro.com.ar\/sitio\/wp-json\/wp\/v2\/comments?post=109710"}],"version-history":[{"count":1,"href":"https:\/\/eldiariodesanpedro.com.ar\/sitio\/wp-json\/wp\/v2\/posts\/109710\/revisions"}],"predecessor-version":[{"id":109712,"href":"https:\/\/eldiariodesanpedro.com.ar\/sitio\/wp-json\/wp\/v2\/posts\/109710\/revisions\/109712"}],"wp:featuredmedia":[{"embeddable":true,"href":"https:\/\/eldiariodesanpedro.com.ar\/sitio\/wp-json\/wp\/v2\/media\/109220"}],"wp:attachment":[{"href":"https:\/\/eldiariodesanpedro.com.ar\/sitio\/wp-json\/wp\/v2\/media?parent=109710"}],"wp:term":[{"taxonomy":"category","embeddable":true,"href":"https:\/\/eldiariodesanpedro.com.ar\/sitio\/wp-json\/wp\/v2\/categories?post=109710"},{"taxonomy":"post_tag","embeddable":true,"href":"https:\/\/eldiariodesanpedro.com.ar\/sitio\/wp-json\/wp\/v2\/tags?post=109710"}],"curies":[{"name":"wp","href":"https:\/\/api.w.org\/{rel}","templated":true}]}}