{"id":109705,"date":"2022-08-12T15:47:43","date_gmt":"2022-08-12T18:47:43","guid":{"rendered":"https:\/\/eldiariodesanpedro.com.ar\/sitio\/?p=109705"},"modified":"2022-08-12T15:47:44","modified_gmt":"2022-08-12T18:47:44","slug":"declararon-ciudadano-ilustre-a-lalo-mir","status":"publish","type":"post","link":"https:\/\/eldiariodesanpedro.com.ar\/sitio\/declararon-ciudadano-ilustre-a-lalo-mir\/","title":{"rendered":"Declararon \u00abciudadano ilustre\u00bb a Lalo Mir"},"content":{"rendered":"<!-- VideographyWP Plugin Message: Automatic video embedding prevented by plugin options. -->\n\n<p>En la ma\u00f1ana del viernes durante un acto desarrollado en el Sal\u00f3n Dorado de la Municipalidad de San Pedro se nombr\u00f3 al reconocido locutor y periodista como uno de los personajes m\u00e1s destacados de la ciudad.<\/p>\n\n\n\n<p>Durante un acto celebrado en el Sal\u00f3n Dorado las autoridades municipales nombraron al destacado locutor y periodista Eduardo Enrique \u00abLalo\u00bb Mir como \u00abCiudadano Ilustre\u00bb de San Pedro.<\/p>\n\n\n\n<p>El acto fue conducido por la locutora tambi\u00e9n sampedrina Estela Montes quien en su presentaci\u00f3n hizo un repaso a la vida de Mir en San Pedro y sus an\u00e9cdotas sobre sus comienzos en radio Apa.<\/p>\n\n\n\n<p>Fue el Intendente Ram\u00f3n Salazar quien tambi\u00e9n se refiri\u00f3 al significado que tiene todo esto y el rol que cumple Lalo Mir a la hora de comunicar sin olvidar a su San Pedro querido.<\/p>\n\n\n\n<p>El propio Salazar entreg\u00f3 el decreto enmarcado al locutor y le regal\u00f3 tambi\u00e9n el escudo de la ciudad.<\/p>\n\n\n\n<p>Lalo Mir, emocionado, destac\u00f3 la presencia de Estela Montes, con quien brome\u00f3 constantemente, y resalt\u00f3 el haber llegado a este sentido acto. En su discurso record\u00f3 a quienes lo acompa\u00f1aron en sus comienzos en la radio local y a todos los que de alguna y otra forma estuvieron junto a \u00e9l para que hoy llegue a ser considerado uno de los mejores locutores y conductores de la Argentina.<\/p>\n\n\n\n<p>\u00abEsta es mi ciudad y seguramente pasar\u00e9 los \u00faltimos d\u00edas de mi vida aqu\u00ed junto al r\u00edo\u00bb, dijo.<\/p>\n\n\n\n<iframe data-src=\"https:\/\/www.facebook.com\/plugins\/video.php?height=314&#038;href=https%3A%2F%2Fwww.facebook.com%2Fdiariosp2%2Fvideos%2F1137554626837742%2F&#038;show_text=false&#038;width=560&#038;t=0\" width=\"560\" height=\"314\" style=\"border:none;overflow:hidden\" scrolling=\"no\" frameborder=\"0\" allowfullscreen=\"true\" allow=\"autoplay; clipboard-write; encrypted-media; picture-in-picture; web-share\" allowFullScreen=\"true\" src=\"data:image\/svg+xml;base64,PHN2ZyB3aWR0aD0iMSIgaGVpZ2h0PSIxIiB4bWxucz0iaHR0cDovL3d3dy53My5vcmcvMjAwMC9zdmciPjwvc3ZnPg==\" class=\"lazyload\" data-load-mode=\"1\"><\/iframe>\n\n\n\n<figure class=\"wp-block-image size-full\"><img decoding=\"async\" width=\"945\" height=\"630\" data-attachment-id=\"109707\" data-permalink=\"https:\/\/eldiariodesanpedro.com.ar\/sitio\/declararon-ciudadano-ilustre-a-lalo-mir\/dsc_0060-2\/\" data-orig-file=\"https:\/\/eldiariodesanpedro.com.ar\/sitio\/wp-content\/uploads\/2022\/08\/DSC_0060.jpg\" data-orig-size=\"945,630\" data-comments-opened=\"0\" data-image-meta=\"{&quot;aperture&quot;:&quot;3.5&quot;,&quot;credit&quot;:&quot;&quot;,&quot;camera&quot;:&quot;NIKON D3400&quot;,&quot;caption&quot;:&quot;&quot;,&quot;created_timestamp&quot;:&quot;1660306492&quot;,&quot;copyright&quot;:&quot;&quot;,&quot;focal_length&quot;:&quot;18&quot;,&quot;iso&quot;:&quot;800&quot;,&quot;shutter_speed&quot;:&quot;0.016666666666667&quot;,&quot;title&quot;:&quot;&quot;,&quot;orientation&quot;:&quot;0&quot;}\" data-image-title=\"DSC_0060\" data-image-description=\"\" data-image-caption=\"\" data-large-file=\"https:\/\/eldiariodesanpedro.com.ar\/sitio\/wp-content\/uploads\/2022\/08\/DSC_0060.jpg\" data-src=\"https:\/\/eldiariodesanpedro.com.ar\/sitio\/wp-content\/uploads\/2022\/08\/DSC_0060.jpg\" alt=\"\" class=\"wp-image-109707 lazyload\" data-srcset=\"https:\/\/eldiariodesanpedro.com.ar\/sitio\/wp-content\/uploads\/2022\/08\/DSC_0060.jpg 945w, https:\/\/eldiariodesanpedro.com.ar\/sitio\/wp-content\/uploads\/2022\/08\/DSC_0060-300x200.jpg 300w, https:\/\/eldiariodesanpedro.com.ar\/sitio\/wp-content\/uploads\/2022\/08\/DSC_0060-768x512.jpg 768w\" data-sizes=\"(max-width: 945px) 100vw, 945px\" src=\"data:image\/svg+xml;base64,PHN2ZyB3aWR0aD0iMSIgaGVpZ2h0PSIxIiB4bWxucz0iaHR0cDovL3d3dy53My5vcmcvMjAwMC9zdmciPjwvc3ZnPg==\" style=\"--smush-placeholder-width: 945px; --smush-placeholder-aspect-ratio: 945\/630;\" \/><\/figure>\n\n\n\n<figure class=\"wp-block-image size-full\"><img decoding=\"async\" width=\"945\" height=\"630\" data-attachment-id=\"109708\" data-permalink=\"https:\/\/eldiariodesanpedro.com.ar\/sitio\/declararon-ciudadano-ilustre-a-lalo-mir\/dsc_0076-4\/\" data-orig-file=\"https:\/\/eldiariodesanpedro.com.ar\/sitio\/wp-content\/uploads\/2022\/08\/DSC_0076.jpg\" data-orig-size=\"945,630\" data-comments-opened=\"0\" data-image-meta=\"{&quot;aperture&quot;:&quot;3.5&quot;,&quot;credit&quot;:&quot;&quot;,&quot;camera&quot;:&quot;NIKON D3400&quot;,&quot;caption&quot;:&quot;&quot;,&quot;created_timestamp&quot;:&quot;1660306937&quot;,&quot;copyright&quot;:&quot;&quot;,&quot;focal_length&quot;:&quot;18&quot;,&quot;iso&quot;:&quot;800&quot;,&quot;shutter_speed&quot;:&quot;0.016666666666667&quot;,&quot;title&quot;:&quot;&quot;,&quot;orientation&quot;:&quot;0&quot;}\" data-image-title=\"DSC_0076\" data-image-description=\"\" data-image-caption=\"\" data-large-file=\"https:\/\/eldiariodesanpedro.com.ar\/sitio\/wp-content\/uploads\/2022\/08\/DSC_0076.jpg\" data-src=\"https:\/\/eldiariodesanpedro.com.ar\/sitio\/wp-content\/uploads\/2022\/08\/DSC_0076.jpg\" alt=\"\" class=\"wp-image-109708 lazyload\" data-srcset=\"https:\/\/eldiariodesanpedro.com.ar\/sitio\/wp-content\/uploads\/2022\/08\/DSC_0076.jpg 945w, https:\/\/eldiariodesanpedro.com.ar\/sitio\/wp-content\/uploads\/2022\/08\/DSC_0076-300x200.jpg 300w, https:\/\/eldiariodesanpedro.com.ar\/sitio\/wp-content\/uploads\/2022\/08\/DSC_0076-768x512.jpg 768w\" data-sizes=\"(max-width: 945px) 100vw, 945px\" src=\"data:image\/svg+xml;base64,PHN2ZyB3aWR0aD0iMSIgaGVpZ2h0PSIxIiB4bWxucz0iaHR0cDovL3d3dy53My5vcmcvMjAwMC9zdmciPjwvc3ZnPg==\" style=\"--smush-placeholder-width: 945px; --smush-placeholder-aspect-ratio: 945\/630;\" \/><\/figure>\n\n\n\n<iframe data-src=\"https:\/\/www.facebook.com\/plugins\/post.php?href=https%3A%2F%2Fwww.facebook.com%2Fdiariosp2%2Fposts%2Fpfbid037gafqLWoL9gmCXT56gUX7vxAYjgZZWJS9bjhN6f8tS132JnC1pJyYzrQEapsihyhl&#038;show_text=true&#038;width=500\" width=\"500\" height=\"665\" style=\"border:none;overflow:hidden\" scrolling=\"no\" frameborder=\"0\" allowfullscreen=\"true\" allow=\"autoplay; clipboard-write; encrypted-media; picture-in-picture; web-share\" src=\"data:image\/svg+xml;base64,PHN2ZyB3aWR0aD0iMSIgaGVpZ2h0PSIxIiB4bWxucz0iaHR0cDovL3d3dy53My5vcmcvMjAwMC9zdmciPjwvc3ZnPg==\" class=\"lazyload\" data-load-mode=\"1\"><\/iframe>\n","protected":false},"excerpt":{"rendered":"<p>En la ma\u00f1ana del viernes durante un acto desarrollado en el Sal\u00f3n Dorado de la Municipalidad de San Pedro se nombr\u00f3 al reconocido locutor y periodista como uno de los personajes m\u00e1s destacados de la ciudad. Durante un acto celebrado en el Sal\u00f3n Dorado las autoridades municipales nombraron al destacado locutor y periodista Eduardo Enrique [&hellip;]<\/p>\n","protected":false},"author":4,"featured_media":109706,"comment_status":"closed","ping_status":"closed","sticky":false,"template":"","format":"standard","meta":{"om_disable_all_campaigns":false,"_jetpack_memberships_contains_paid_content":false,"footnotes":""},"categories":[50,101,2],"tags":[197,2973,696,33,19],"class_list":["post-109705","post","type-post","status-publish","format-standard","has-post-thumbnail","hentry","category-destacadas","category-interes-general-locales","category-locales","tag-buenos-aires","tag-declararon-ciudadano-ilustre-a-lalo-mir","tag-interes-general","tag-locales","tag-san-pedro"],"aioseo_notices":[],"gutentor_comment":0,"jetpack_featured_media_url":"https:\/\/eldiariodesanpedro.com.ar\/sitio\/wp-content\/uploads\/2022\/08\/DSC_0029.jpg","jetpack_shortlink":"https:\/\/wp.me\/p6RhLt-sxr","jetpack_sharing_enabled":true,"_links":{"self":[{"href":"https:\/\/eldiariodesanpedro.com.ar\/sitio\/wp-json\/wp\/v2\/posts\/109705","targetHints":{"allow":["GET"]}}],"collection":[{"href":"https:\/\/eldiariodesanpedro.com.ar\/sitio\/wp-json\/wp\/v2\/posts"}],"about":[{"href":"https:\/\/eldiariodesanpedro.com.ar\/sitio\/wp-json\/wp\/v2\/types\/post"}],"author":[{"embeddable":true,"href":"https:\/\/eldiariodesanpedro.com.ar\/sitio\/wp-json\/wp\/v2\/users\/4"}],"replies":[{"embeddable":true,"href":"https:\/\/eldiariodesanpedro.com.ar\/sitio\/wp-json\/wp\/v2\/comments?post=109705"}],"version-history":[{"count":1,"href":"https:\/\/eldiariodesanpedro.com.ar\/sitio\/wp-json\/wp\/v2\/posts\/109705\/revisions"}],"predecessor-version":[{"id":109709,"href":"https:\/\/eldiariodesanpedro.com.ar\/sitio\/wp-json\/wp\/v2\/posts\/109705\/revisions\/109709"}],"wp:featuredmedia":[{"embeddable":true,"href":"https:\/\/eldiariodesanpedro.com.ar\/sitio\/wp-json\/wp\/v2\/media\/109706"}],"wp:attachment":[{"href":"https:\/\/eldiariodesanpedro.com.ar\/sitio\/wp-json\/wp\/v2\/media?parent=109705"}],"wp:term":[{"taxonomy":"category","embeddable":true,"href":"https:\/\/eldiariodesanpedro.com.ar\/sitio\/wp-json\/wp\/v2\/categories?post=109705"},{"taxonomy":"post_tag","embeddable":true,"href":"https:\/\/eldiariodesanpedro.com.ar\/sitio\/wp-json\/wp\/v2\/tags?post=109705"}],"curies":[{"name":"wp","href":"https:\/\/api.w.org\/{rel}","templated":true}]}}