{"id":109699,"date":"2022-08-12T00:48:42","date_gmt":"2022-08-12T03:48:42","guid":{"rendered":"https:\/\/eldiariodesanpedro.com.ar\/sitio\/?p=109699"},"modified":"2022-08-12T00:48:43","modified_gmt":"2022-08-12T03:48:43","slug":"edicto-de-sucesion-de-lastre-carlos-anibal-y-emilia-antonia-cataldo","status":"publish","type":"post","link":"https:\/\/eldiariodesanpedro.com.ar\/sitio\/edicto-de-sucesion-de-lastre-carlos-anibal-y-emilia-antonia-cataldo\/","title":{"rendered":"Edicto de Sucesi\u00f3n de Lastre Carlos An\u00edbal y Emilia Antonia Cataldo"},"content":{"rendered":"<!-- VideographyWP Plugin Message: Automatic video embedding prevented by plugin options. -->\n\n<p>El Juzgado de Primera Instancia Civil y Comercial Nro 1 de la ciudad de San Nicol\u00e1s, Pcia de Buenos Aires, cita y emplaza por el t\u00e9rmino de treinta d\u00edas a los herederos y acreedores de <strong>Lastre Carlos An\u00edbal y Emilia Antonia Cataldo<\/strong>.- San Nicol\u00e1s, 12 de Agosto 2022.-<\/p>\n\n\n\n<p>CIVILOTTI DANIEL<br>AUXILIAR LETRADO<br>(Publicaci\u00f3n V\u00e1lida por los d\u00edas 12, 13 y 14 de agosto de 2022)&nbsp;<br><a href=\"https:\/\/notificaciones.scba.gov.ar\/verificarnotificacion.aspx?codNotif=121M2T\">https:\/\/notificaciones.scba.gov.ar\/verificarnotificacion.aspx?codNotif=121M2T<\/a><\/p>\n","protected":false},"excerpt":{"rendered":"<p>El Juzgado de Primera Instancia Civil y Comercial Nro 1 de la ciudad de San Nicol\u00e1s, Pcia de Buenos Aires, cita y emplaza por el t\u00e9rmino de treinta d\u00edas a los herederos y acreedores de Lastre Carlos An\u00edbal y Emilia Antonia Cataldo.- San Nicol\u00e1s, 12 de Agosto 2022.- CIVILOTTI DANIELAUXILIAR LETRADO(Publicaci\u00f3n V\u00e1lida por los d\u00edas [&hellip;]<\/p>\n","protected":false},"author":4,"featured_media":102746,"comment_status":"closed","ping_status":"closed","sticky":false,"template":"","format":"standard","meta":{"om_disable_all_campaigns":false,"_jetpack_memberships_contains_paid_content":false,"footnotes":""},"categories":[676,677],"tags":[197,1121,2970,1355,19,1122],"class_list":["post-109699","post","type-post","status-publish","format-standard","has-post-thumbnail","hentry","category-edictos","category-edictos-sucesorios","tag-buenos-aires","tag-edicto","tag-edicto-de-sucesion-de-lastre-carlos-anibal-y-emilia-antonia-cataldo","tag-judiciales","tag-san-pedro","tag-sucesion"],"aioseo_notices":[],"gutentor_comment":0,"jetpack_featured_media_url":"https:\/\/eldiariodesanpedro.com.ar\/sitio\/wp-content\/uploads\/2022\/01\/EDICTO.jpg","jetpack_shortlink":"https:\/\/wp.me\/p6RhLt-sxl","jetpack_sharing_enabled":true,"_links":{"self":[{"href":"https:\/\/eldiariodesanpedro.com.ar\/sitio\/wp-json\/wp\/v2\/posts\/109699","targetHints":{"allow":["GET"]}}],"collection":[{"href":"https:\/\/eldiariodesanpedro.com.ar\/sitio\/wp-json\/wp\/v2\/posts"}],"about":[{"href":"https:\/\/eldiariodesanpedro.com.ar\/sitio\/wp-json\/wp\/v2\/types\/post"}],"author":[{"embeddable":true,"href":"https:\/\/eldiariodesanpedro.com.ar\/sitio\/wp-json\/wp\/v2\/users\/4"}],"replies":[{"embeddable":true,"href":"https:\/\/eldiariodesanpedro.com.ar\/sitio\/wp-json\/wp\/v2\/comments?post=109699"}],"version-history":[{"count":1,"href":"https:\/\/eldiariodesanpedro.com.ar\/sitio\/wp-json\/wp\/v2\/posts\/109699\/revisions"}],"predecessor-version":[{"id":109700,"href":"https:\/\/eldiariodesanpedro.com.ar\/sitio\/wp-json\/wp\/v2\/posts\/109699\/revisions\/109700"}],"wp:featuredmedia":[{"embeddable":true,"href":"https:\/\/eldiariodesanpedro.com.ar\/sitio\/wp-json\/wp\/v2\/media\/102746"}],"wp:attachment":[{"href":"https:\/\/eldiariodesanpedro.com.ar\/sitio\/wp-json\/wp\/v2\/media?parent=109699"}],"wp:term":[{"taxonomy":"category","embeddable":true,"href":"https:\/\/eldiariodesanpedro.com.ar\/sitio\/wp-json\/wp\/v2\/categories?post=109699"},{"taxonomy":"post_tag","embeddable":true,"href":"https:\/\/eldiariodesanpedro.com.ar\/sitio\/wp-json\/wp\/v2\/tags?post=109699"}],"curies":[{"name":"wp","href":"https:\/\/api.w.org\/{rel}","templated":true}]}}