{"id":109687,"date":"2022-08-11T20:52:43","date_gmt":"2022-08-11T23:52:43","guid":{"rendered":"https:\/\/eldiariodesanpedro.com.ar\/sitio\/?p=109687"},"modified":"2022-08-11T20:52:44","modified_gmt":"2022-08-11T23:52:44","slug":"otorgaron-prision-domiciliaria-a-fernando-espindola","status":"publish","type":"post","link":"https:\/\/eldiariodesanpedro.com.ar\/sitio\/otorgaron-prision-domiciliaria-a-fernando-espindola\/","title":{"rendered":"Otorgaron prisi\u00f3n domiciliaria a Fernando Esp\u00edndola"},"content":{"rendered":"<!-- VideographyWP Plugin Message: Automatic video embedding prevented by plugin options. -->\n\n<p>En el marco de la causa por \u00abextorsi\u00f3n y coacci\u00f3n\u00bb, que involucra a dos sindicalistas del gremio de Camioneros, el Juzgado de Garant\u00edas le concedi\u00f3 la prisi\u00f3n domiciliaria a Fernando Esp\u00edndola, con pulsera electr\u00f3nica.<\/p>\n\n\n\n<p>Se trata de una medida que a\u00fan no puede efectivizarse, ya que la fiscal de la causa, Dra. Mar\u00eda del Valle Viviani, apelar\u00e1 la medida por lo que la C\u00e1mara de Casaci\u00f3n tendr\u00e1 que decidir si da lugar a la apelaci\u00f3n u otorga el arresto domiciliario.<\/p>\n\n\n\n<p>En tanto, se encuentra transitando el mismo proceso Maximiliano Cabaleyro para lograr el mismo beneficio.<\/p>\n\n\n\n<p>Fuente: <a href=\"http:\/\/www.diarioelinformante.com.ar\/nota-65771_otorgaron-prisin-domiciliaria-a-fernando-espndola\">El Informante<\/a><\/p>\n","protected":false},"excerpt":{"rendered":"<p>En el marco de la causa por \u00abextorsi\u00f3n y coacci\u00f3n\u00bb, que involucra a dos sindicalistas del gremio de Camioneros, el Juzgado de Garant\u00edas le concedi\u00f3 la prisi\u00f3n domiciliaria a Fernando Esp\u00edndola, con pulsera electr\u00f3nica. Se trata de una medida que a\u00fan no puede efectivizarse, ya que la fiscal de la causa, Dra. Mar\u00eda del Valle [&hellip;]<\/p>\n","protected":false},"author":4,"featured_media":109688,"comment_status":"closed","ping_status":"closed","sticky":false,"template":"","format":"standard","meta":{"om_disable_all_campaigns":false,"_jetpack_memberships_contains_paid_content":false,"footnotes":""},"categories":[50,101,2],"tags":[197,696,33,2966,19],"class_list":["post-109687","post","type-post","status-publish","format-standard","has-post-thumbnail","hentry","category-destacadas","category-interes-general-locales","category-locales","tag-buenos-aires","tag-interes-general","tag-locales","tag-otorgaron-prision-domiciliaria-a-fernando-espindola","tag-san-pedro"],"aioseo_notices":[],"gutentor_comment":0,"jetpack_featured_media_url":"https:\/\/eldiariodesanpedro.com.ar\/sitio\/wp-content\/uploads\/2022\/08\/medida-13.png","jetpack_shortlink":"https:\/\/wp.me\/p6RhLt-sx9","jetpack_sharing_enabled":true,"_links":{"self":[{"href":"https:\/\/eldiariodesanpedro.com.ar\/sitio\/wp-json\/wp\/v2\/posts\/109687","targetHints":{"allow":["GET"]}}],"collection":[{"href":"https:\/\/eldiariodesanpedro.com.ar\/sitio\/wp-json\/wp\/v2\/posts"}],"about":[{"href":"https:\/\/eldiariodesanpedro.com.ar\/sitio\/wp-json\/wp\/v2\/types\/post"}],"author":[{"embeddable":true,"href":"https:\/\/eldiariodesanpedro.com.ar\/sitio\/wp-json\/wp\/v2\/users\/4"}],"replies":[{"embeddable":true,"href":"https:\/\/eldiariodesanpedro.com.ar\/sitio\/wp-json\/wp\/v2\/comments?post=109687"}],"version-history":[{"count":1,"href":"https:\/\/eldiariodesanpedro.com.ar\/sitio\/wp-json\/wp\/v2\/posts\/109687\/revisions"}],"predecessor-version":[{"id":109689,"href":"https:\/\/eldiariodesanpedro.com.ar\/sitio\/wp-json\/wp\/v2\/posts\/109687\/revisions\/109689"}],"wp:featuredmedia":[{"embeddable":true,"href":"https:\/\/eldiariodesanpedro.com.ar\/sitio\/wp-json\/wp\/v2\/media\/109688"}],"wp:attachment":[{"href":"https:\/\/eldiariodesanpedro.com.ar\/sitio\/wp-json\/wp\/v2\/media?parent=109687"}],"wp:term":[{"taxonomy":"category","embeddable":true,"href":"https:\/\/eldiariodesanpedro.com.ar\/sitio\/wp-json\/wp\/v2\/categories?post=109687"},{"taxonomy":"post_tag","embeddable":true,"href":"https:\/\/eldiariodesanpedro.com.ar\/sitio\/wp-json\/wp\/v2\/tags?post=109687"}],"curies":[{"name":"wp","href":"https:\/\/api.w.org\/{rel}","templated":true}]}}