{"id":109539,"date":"2022-08-08T18:09:10","date_gmt":"2022-08-08T21:09:10","guid":{"rendered":"https:\/\/eldiariodesanpedro.com.ar\/sitio\/?p=109539"},"modified":"2022-08-08T18:11:10","modified_gmt":"2022-08-08T21:11:10","slug":"edicto-de-sucesion-de-hector-orlando-matti","status":"publish","type":"post","link":"https:\/\/eldiariodesanpedro.com.ar\/sitio\/edicto-de-sucesion-de-hector-orlando-matti\/","title":{"rendered":"Edicto de Sucesi\u00f3n de H\u00e9ctor Orlando Matti"},"content":{"rendered":"<!-- VideographyWP Plugin Message: Automatic video embedding prevented by plugin options. -->\n\n<p>El Juzgado de Paz de Baradero, cita y emplaza por treinta d\u00edas a herederos y acreedores de <strong>Hector Orlando Matti<\/strong>.- Baradero, 03 de Agosto de 2022.-<\/p>\n\n\n\n<p>ESTEBAN OMAR PERUSINA<br>ABOGADO SECRETARIO<\/p>\n\n\n\n<p>(Publicaci\u00f3n V\u00e1lida por los d\u00edas 08, 09 Y 10 de agosto de 2022)\u00a0<\/p>\n","protected":false},"excerpt":{"rendered":"<p>El Juzgado de Paz de Baradero, cita y emplaza por treinta d\u00edas a herederos y acreedores de Hector Orlando Matti.- Baradero, 03 de Agosto de 2022.- ESTEBAN OMAR PERUSINAABOGADO SECRETARIO (Publicaci\u00f3n V\u00e1lida por los d\u00edas 08, 09 Y 10 de agosto de 2022)\u00a0<\/p>\n","protected":false},"author":4,"featured_media":102746,"comment_status":"closed","ping_status":"closed","sticky":false,"template":"","format":"standard","meta":{"om_disable_all_campaigns":false,"_jetpack_memberships_contains_paid_content":false,"footnotes":""},"categories":[676,677],"tags":[197,1121,2953,19,1122],"class_list":["post-109539","post","type-post","status-publish","format-standard","has-post-thumbnail","hentry","category-edictos","category-edictos-sucesorios","tag-buenos-aires","tag-edicto","tag-edicto-de-sucesion-de-hector-orlando-matti","tag-san-pedro","tag-sucesion"],"aioseo_notices":[],"gutentor_comment":0,"jetpack_featured_media_url":"https:\/\/eldiariodesanpedro.com.ar\/sitio\/wp-content\/uploads\/2022\/01\/EDICTO.jpg","jetpack_shortlink":"https:\/\/wp.me\/p6RhLt-suL","jetpack_sharing_enabled":true,"_links":{"self":[{"href":"https:\/\/eldiariodesanpedro.com.ar\/sitio\/wp-json\/wp\/v2\/posts\/109539","targetHints":{"allow":["GET"]}}],"collection":[{"href":"https:\/\/eldiariodesanpedro.com.ar\/sitio\/wp-json\/wp\/v2\/posts"}],"about":[{"href":"https:\/\/eldiariodesanpedro.com.ar\/sitio\/wp-json\/wp\/v2\/types\/post"}],"author":[{"embeddable":true,"href":"https:\/\/eldiariodesanpedro.com.ar\/sitio\/wp-json\/wp\/v2\/users\/4"}],"replies":[{"embeddable":true,"href":"https:\/\/eldiariodesanpedro.com.ar\/sitio\/wp-json\/wp\/v2\/comments?post=109539"}],"version-history":[{"count":2,"href":"https:\/\/eldiariodesanpedro.com.ar\/sitio\/wp-json\/wp\/v2\/posts\/109539\/revisions"}],"predecessor-version":[{"id":109543,"href":"https:\/\/eldiariodesanpedro.com.ar\/sitio\/wp-json\/wp\/v2\/posts\/109539\/revisions\/109543"}],"wp:featuredmedia":[{"embeddable":true,"href":"https:\/\/eldiariodesanpedro.com.ar\/sitio\/wp-json\/wp\/v2\/media\/102746"}],"wp:attachment":[{"href":"https:\/\/eldiariodesanpedro.com.ar\/sitio\/wp-json\/wp\/v2\/media?parent=109539"}],"wp:term":[{"taxonomy":"category","embeddable":true,"href":"https:\/\/eldiariodesanpedro.com.ar\/sitio\/wp-json\/wp\/v2\/categories?post=109539"},{"taxonomy":"post_tag","embeddable":true,"href":"https:\/\/eldiariodesanpedro.com.ar\/sitio\/wp-json\/wp\/v2\/tags?post=109539"}],"curies":[{"name":"wp","href":"https:\/\/api.w.org\/{rel}","templated":true}]}}