{"id":109535,"date":"2022-08-08T17:55:10","date_gmt":"2022-08-08T20:55:10","guid":{"rendered":"https:\/\/eldiariodesanpedro.com.ar\/sitio\/?p=109535"},"modified":"2022-08-08T18:06:56","modified_gmt":"2022-08-08T21:06:56","slug":"edicto-de-prescripcion-adquisitiva-de-baigorria-mirta-silvia-c-sarra-francisco-andres-y-otro","status":"publish","type":"post","link":"https:\/\/eldiariodesanpedro.com.ar\/sitio\/edicto-de-prescripcion-adquisitiva-de-baigorria-mirta-silvia-c-sarra-francisco-andres-y-otro\/","title":{"rendered":"Edicto de Prescripci\u00f3n Adquisitiva de Baigorria, Mirta Silvia C\/ Sarra Francisco Andres y Otro"},"content":{"rendered":"<!-- VideographyWP Plugin Message: Automatic video embedding prevented by plugin options. -->\n\n<p>El Juzgado de Primera Instancia en lo Civil y Comercial N\u00b0 6 del Departamento Judicial de San Nicol\u00e1s a cargo del Dr. Fernando A. Enghelmayer , secretaria del Dr. Francisco Kanesovich , ubicado en calle Guardias Nacionales 47 Piso Primero de la Ciudad de San Nicol\u00e1s, Provincia de Buenos Aires , hace saber que en los autos caratulados <strong>Baigorria, Mirta Silvia C\/ Sarra Francisco Andres y Otro S\/ Prescripcion Adquisitiva Larga Expte. 873\/2018<\/strong> cita y emplaza a quienes se consideren con derecho sobre los inmuebles que se intentan prescribir ubicados en la localidad de Baradero, a saber: I) Nomenclatura Catastral: Circ. II, Secc. A, Qta. 22, Fracc. III, Parc. 8, Matr\u00edcula N\u00b0 1550 del partido de Baradero y II) Nomenclatura Catastral: Circ. II, Secc. A, Qta. 22, Fracc. III, Parc. 1, Matr\u00edcula N\u00b0 1515 del partido de Baradero,&#8230;para que dentro del t\u00e9rmino de diez d\u00edas comparezcan a estar a derecho en autos.Fdo. FERNANDO A. ENGHELMAYER. JUEZ EN LO CIVIL Y COMERCIAL.- San Nicolas, 4 de Febrero de 2020<\/p>\n\n\n\n<p>HORMAZABAL JOSE ANTONIO<br>AUXILIAR LETRADO<\/p>\n\n\n\n<p>(Publicaci\u00f3n V\u00e1lida por los d\u00edas 08 y 09 agosto de 2022)\u00a0<br><a href=\"https:\/\/notificaciones.scba.gov.ar\/verificarnotificacion.aspx?codNotif=W6CE4U\">https:\/\/notificaciones.scba.gov.ar\/verificarnotificacion.aspx?codNotif=W6CE4U<\/a>\u00a0<\/p>\n","protected":false},"excerpt":{"rendered":"<p>El Juzgado de Primera Instancia en lo Civil y Comercial N\u00b0 6 del Departamento Judicial de San Nicol\u00e1s a cargo del Dr. Fernando A. Enghelmayer , secretaria del Dr. Francisco Kanesovich , ubicado en calle Guardias Nacionales 47 Piso Primero de la Ciudad de San Nicol\u00e1s, Provincia de Buenos Aires , hace saber que en [&hellip;]<\/p>\n","protected":false},"author":4,"featured_media":102746,"comment_status":"closed","ping_status":"closed","sticky":false,"template":"","format":"standard","meta":{"om_disable_all_campaigns":false,"_jetpack_memberships_contains_paid_content":false,"footnotes":""},"categories":[676,1124],"tags":[197,1121,1355,19],"class_list":["post-109535","post","type-post","status-publish","format-standard","has-post-thumbnail","hentry","category-edictos","category-edictos-especiales","tag-buenos-aires","tag-edicto","tag-judiciales","tag-san-pedro"],"aioseo_notices":[],"gutentor_comment":0,"jetpack_featured_media_url":"https:\/\/eldiariodesanpedro.com.ar\/sitio\/wp-content\/uploads\/2022\/01\/EDICTO.jpg","jetpack_shortlink":"https:\/\/wp.me\/p6RhLt-suH","jetpack_sharing_enabled":true,"_links":{"self":[{"href":"https:\/\/eldiariodesanpedro.com.ar\/sitio\/wp-json\/wp\/v2\/posts\/109535","targetHints":{"allow":["GET"]}}],"collection":[{"href":"https:\/\/eldiariodesanpedro.com.ar\/sitio\/wp-json\/wp\/v2\/posts"}],"about":[{"href":"https:\/\/eldiariodesanpedro.com.ar\/sitio\/wp-json\/wp\/v2\/types\/post"}],"author":[{"embeddable":true,"href":"https:\/\/eldiariodesanpedro.com.ar\/sitio\/wp-json\/wp\/v2\/users\/4"}],"replies":[{"embeddable":true,"href":"https:\/\/eldiariodesanpedro.com.ar\/sitio\/wp-json\/wp\/v2\/comments?post=109535"}],"version-history":[{"count":4,"href":"https:\/\/eldiariodesanpedro.com.ar\/sitio\/wp-json\/wp\/v2\/posts\/109535\/revisions"}],"predecessor-version":[{"id":109541,"href":"https:\/\/eldiariodesanpedro.com.ar\/sitio\/wp-json\/wp\/v2\/posts\/109535\/revisions\/109541"}],"wp:featuredmedia":[{"embeddable":true,"href":"https:\/\/eldiariodesanpedro.com.ar\/sitio\/wp-json\/wp\/v2\/media\/102746"}],"wp:attachment":[{"href":"https:\/\/eldiariodesanpedro.com.ar\/sitio\/wp-json\/wp\/v2\/media?parent=109535"}],"wp:term":[{"taxonomy":"category","embeddable":true,"href":"https:\/\/eldiariodesanpedro.com.ar\/sitio\/wp-json\/wp\/v2\/categories?post=109535"},{"taxonomy":"post_tag","embeddable":true,"href":"https:\/\/eldiariodesanpedro.com.ar\/sitio\/wp-json\/wp\/v2\/tags?post=109535"}],"curies":[{"name":"wp","href":"https:\/\/api.w.org\/{rel}","templated":true}]}}