{"id":109529,"date":"2022-08-08T15:54:23","date_gmt":"2022-08-08T18:54:23","guid":{"rendered":"https:\/\/eldiariodesanpedro.com.ar\/sitio\/?p=109529"},"modified":"2022-08-08T15:54:23","modified_gmt":"2022-08-08T18:54:23","slug":"este-miercoles-cortes-programados-por-tareas-de-mantenimiento-de-transba-en-la-ciudad","status":"publish","type":"post","link":"https:\/\/eldiariodesanpedro.com.ar\/sitio\/este-miercoles-cortes-programados-por-tareas-de-mantenimiento-de-transba-en-la-ciudad\/","title":{"rendered":"Este mi\u00e9rcoles cortes programados por tareas de mantenimiento de TRANSBA en la ciudad"},"content":{"rendered":"<!-- VideographyWP Plugin Message: Automatic video embedding prevented by plugin options. -->\n\n<p>COOPSER informa que para este\u00a0<strong>MI\u00c9RCOLES 10 de agosto,<\/strong>\u00a0est\u00e1 previsto un diagrama de cortes en el Partido de San Pedro que deben realizarse para posibilitar las tareas de mantenimiento que llevar\u00e1 adelante\u00a0<strong>TRANSBA\u00a0<\/strong>sobre la l\u00ednea de alta tensi\u00f3n San Pedro &#8211; Papel Prensa.<br><br>El objetivo es normalizar el servicio que se brinda a toda la zona y que en los \u00faltimos d\u00edas ha venido provocando inconvenientes.<br><br><strong><u>El esquema se publica con horarios aproximados:<br><\/u><\/strong><br><strong>Alimentador 1 y 4 &#8211; 7:30hs a 11 hs<\/strong><br>Cuadrante: 11 de Septiembre, J. de Garay, M.Sbert y Mansilla.\u00a0 \/ Barrios Los Aromos, Los Aromitos, Villa Iogillo y La Providencia. Camino a Vuelta de Obligado y Camino al Aeroclub (Villa Jard\u00edn)<br><br><strong>Alimentador 3 &#8211; 9hs a 12:30 hs.<br><\/strong>Cuadrante Av. Sarmiento, O. C\u00e9sar, Saavedra, Belgrano y Juan B. Justo.<br><br><strong>Alimentador 2 &#8211; 11hs a 14:30 hs.<br><\/strong>Cuadrante, Mitre, Alte. Brown, 11 De Septiembre y L.Mansilla.<br><br><strong>Alimentador 6 &#8211; 11hs a 14:30 hs.<br><\/strong>Cuadrante, Av. Sarmiento, Av. Espa\u00f1a. Padre Santana y J.B.Justo \u00a0 \u00a0 \u00a0 \u00a0<br><br><strong>Alimentador 8 &#8211; 11hs a 14:30 hs.<br><\/strong>Cuadrante, Caseros, 9 De Julio, Padre Santana y Dipietri.<br><br><strong>Alimentador 6 &#8211; 12:45hs a 14:30hs<br><\/strong>Cuadrante, Jos\u00e9 Hern\u00e1ndez, 9 de Julio, C. Gral. Belgrano y Ruta 1001. La Tosquera, Bajo Tala, Bajo Campod\u00f3nico, Barrio Arcor, Zona Puerto San Pedro, Cementerio, Ruta 1001 desde Crucero General Belgrano hasta Callej\u00f3n 3005 y sus derivaciones.<br><br><strong>COOPSER comparte esta informaci\u00f3n con la mayor anticipaci\u00f3n posible a los efectos de que todos los socios puedan tener en cuenta la situaci\u00f3n y tomar los recaudos pertinentes.<\/strong><\/p>\n","protected":false},"excerpt":{"rendered":"<p>COOPSER informa que para este\u00a0MI\u00c9RCOLES 10 de agosto,\u00a0est\u00e1 previsto un diagrama de cortes en el Partido de San Pedro que deben realizarse para posibilitar las tareas de mantenimiento que llevar\u00e1 adelante\u00a0TRANSBA\u00a0sobre la l\u00ednea de alta tensi\u00f3n San Pedro &#8211; Papel Prensa. El objetivo es normalizar el servicio que se brinda a toda la zona y [&hellip;]<\/p>\n","protected":false},"author":4,"featured_media":104711,"comment_status":"closed","ping_status":"closed","sticky":false,"template":"","format":"standard","meta":{"om_disable_all_campaigns":false,"_jetpack_memberships_contains_paid_content":false,"footnotes":""},"categories":[50,101,2],"tags":[],"class_list":["post-109529","post","type-post","status-publish","format-standard","has-post-thumbnail","hentry","category-destacadas","category-interes-general-locales","category-locales"],"aioseo_notices":[],"gutentor_comment":0,"jetpack_featured_media_url":"https:\/\/eldiariodesanpedro.com.ar\/sitio\/wp-content\/uploads\/2022\/03\/COOPSER-TRANSFORMADOR-2022-2.jpeg","jetpack_shortlink":"https:\/\/wp.me\/p6RhLt-suB","jetpack_sharing_enabled":true,"_links":{"self":[{"href":"https:\/\/eldiariodesanpedro.com.ar\/sitio\/wp-json\/wp\/v2\/posts\/109529","targetHints":{"allow":["GET"]}}],"collection":[{"href":"https:\/\/eldiariodesanpedro.com.ar\/sitio\/wp-json\/wp\/v2\/posts"}],"about":[{"href":"https:\/\/eldiariodesanpedro.com.ar\/sitio\/wp-json\/wp\/v2\/types\/post"}],"author":[{"embeddable":true,"href":"https:\/\/eldiariodesanpedro.com.ar\/sitio\/wp-json\/wp\/v2\/users\/4"}],"replies":[{"embeddable":true,"href":"https:\/\/eldiariodesanpedro.com.ar\/sitio\/wp-json\/wp\/v2\/comments?post=109529"}],"version-history":[{"count":1,"href":"https:\/\/eldiariodesanpedro.com.ar\/sitio\/wp-json\/wp\/v2\/posts\/109529\/revisions"}],"predecessor-version":[{"id":109530,"href":"https:\/\/eldiariodesanpedro.com.ar\/sitio\/wp-json\/wp\/v2\/posts\/109529\/revisions\/109530"}],"wp:featuredmedia":[{"embeddable":true,"href":"https:\/\/eldiariodesanpedro.com.ar\/sitio\/wp-json\/wp\/v2\/media\/104711"}],"wp:attachment":[{"href":"https:\/\/eldiariodesanpedro.com.ar\/sitio\/wp-json\/wp\/v2\/media?parent=109529"}],"wp:term":[{"taxonomy":"category","embeddable":true,"href":"https:\/\/eldiariodesanpedro.com.ar\/sitio\/wp-json\/wp\/v2\/categories?post=109529"},{"taxonomy":"post_tag","embeddable":true,"href":"https:\/\/eldiariodesanpedro.com.ar\/sitio\/wp-json\/wp\/v2\/tags?post=109529"}],"curies":[{"name":"wp","href":"https:\/\/api.w.org\/{rel}","templated":true}]}}