{"id":109524,"date":"2022-08-08T15:30:20","date_gmt":"2022-08-08T18:30:20","guid":{"rendered":"https:\/\/eldiariodesanpedro.com.ar\/sitio\/?p=109524"},"modified":"2022-08-08T15:49:26","modified_gmt":"2022-08-08T18:49:26","slug":"el-ccit-ofrece-a-socios-as-becas-para-una-importante-capacitacion-sobre-riesgos-globales-organizada-por-la-fundacion-icbc","status":"publish","type":"post","link":"https:\/\/eldiariodesanpedro.com.ar\/sitio\/el-ccit-ofrece-a-socios-as-becas-para-una-importante-capacitacion-sobre-riesgos-globales-organizada-por-la-fundacion-icbc\/","title":{"rendered":"El CCIT ofrece a socios\/as\u00a0becas para una importante capacitaci\u00f3n sobre riesgos globales\u00a0organizada por la Fundaci\u00f3n ICBC"},"content":{"rendered":"<!-- VideographyWP Plugin Message: Automatic video embedding prevented by plugin options. -->\n\n<p>El Centro de Comercio, Industria y Turismo de San Pedro invita a los emprendedores\/as socios\/as interesados\/as, a postularse para acceder a una beca del 100% que les permita participar del Programa Ejecutivo de Riesgos Globales que brindar\u00e1 &nbsp;la Fundaci\u00f3n ICBC.<\/p>\n\n\n\n<p>Nuestra entidad dispone de&nbsp;<strong>5 cupos<\/strong>&nbsp;otorgados por la Fundaci\u00f3n ICBC y recibir\u00e1 hasta el 20 de agosto los datos de quienes deseen acceder a estos encuentros sincr\u00f3nicos de una hora y media que comenzar\u00e1n el&nbsp;<strong>mi\u00e9rcoles 31 de agosto.<\/strong><\/p>\n\n\n\n<p>Los actores que tengan mejores diagn\u00f3sticos de los cambios en curso en el mundo y que puedan proyectar escenarios eficaces ser\u00e1n los que mejor podr\u00e1n reducir las amenazas globales y maximizar oportunidades externas.<\/p>\n\n\n\n<p>Este programa propondr\u00e1 un espacio en el que los participantes podr\u00e1n interactuar con reconocidos especialistas e indagar en aspectos del escenario internacional funcionales a sus intereses y planes de negocios.<\/p>\n\n\n\n<p><strong>La \u00fanica v\u00eda de contacto para gestionar la inscripci\u00f3n a las becas es enviando un mensaje de whatsapp al 3329-599000 antes del 20 de agosto.<\/strong><\/p>\n\n\n\n<figure class=\"wp-block-image size-full\"><img decoding=\"async\" width=\"508\" height=\"630\" data-attachment-id=\"109527\" data-permalink=\"https:\/\/eldiariodesanpedro.com.ar\/sitio\/el-ccit-ofrece-a-socios-as-becas-para-una-importante-capacitacion-sobre-riesgos-globales-organizada-por-la-fundacion-icbc\/riesgos\/\" data-orig-file=\"https:\/\/eldiariodesanpedro.com.ar\/sitio\/wp-content\/uploads\/2022\/08\/riesgos.jpeg\" data-orig-size=\"508,630\" data-comments-opened=\"0\" data-image-meta=\"{&quot;aperture&quot;:&quot;0&quot;,&quot;credit&quot;:&quot;&quot;,&quot;camera&quot;:&quot;&quot;,&quot;caption&quot;:&quot;&quot;,&quot;created_timestamp&quot;:&quot;0&quot;,&quot;copyright&quot;:&quot;&quot;,&quot;focal_length&quot;:&quot;0&quot;,&quot;iso&quot;:&quot;0&quot;,&quot;shutter_speed&quot;:&quot;0&quot;,&quot;title&quot;:&quot;&quot;,&quot;orientation&quot;:&quot;0&quot;}\" data-image-title=\"riesgos\" data-image-description=\"\" data-image-caption=\"\" data-large-file=\"https:\/\/eldiariodesanpedro.com.ar\/sitio\/wp-content\/uploads\/2022\/08\/riesgos.jpeg\" data-src=\"https:\/\/eldiariodesanpedro.com.ar\/sitio\/wp-content\/uploads\/2022\/08\/riesgos.jpeg\" alt=\"\" class=\"wp-image-109527 lazyload\" data-srcset=\"https:\/\/eldiariodesanpedro.com.ar\/sitio\/wp-content\/uploads\/2022\/08\/riesgos.jpeg 508w, https:\/\/eldiariodesanpedro.com.ar\/sitio\/wp-content\/uploads\/2022\/08\/riesgos-242x300.jpeg 242w\" data-sizes=\"(max-width: 508px) 100vw, 508px\" src=\"data:image\/svg+xml;base64,PHN2ZyB3aWR0aD0iMSIgaGVpZ2h0PSIxIiB4bWxucz0iaHR0cDovL3d3dy53My5vcmcvMjAwMC9zdmciPjwvc3ZnPg==\" style=\"--smush-placeholder-width: 508px; --smush-placeholder-aspect-ratio: 508\/630;\" \/><\/figure>\n","protected":false},"excerpt":{"rendered":"<p>El Centro de Comercio, Industria y Turismo de San Pedro invita a los emprendedores\/as socios\/as interesados\/as, a postularse para acceder a una beca del 100% que les permita participar del Programa Ejecutivo de Riesgos Globales que brindar\u00e1 &nbsp;la Fundaci\u00f3n ICBC. Nuestra entidad dispone de&nbsp;5 cupos&nbsp;otorgados por la Fundaci\u00f3n ICBC y recibir\u00e1 hasta el 20 de [&hellip;]<\/p>\n","protected":false},"author":4,"featured_media":82411,"comment_status":"closed","ping_status":"closed","sticky":false,"template":"","format":"standard","meta":{"om_disable_all_campaigns":false,"_jetpack_memberships_contains_paid_content":false,"footnotes":""},"categories":[101,2],"tags":[197,696,33,19],"class_list":["post-109524","post","type-post","status-publish","format-standard","has-post-thumbnail","hentry","category-interes-general-locales","category-locales","tag-buenos-aires","tag-interes-general","tag-locales","tag-san-pedro"],"aioseo_notices":[],"gutentor_comment":0,"jetpack_featured_media_url":"https:\/\/eldiariodesanpedro.com.ar\/sitio\/wp-content\/uploads\/2020\/10\/centro-de-comercio-e-industria_3_1-1.jpg","jetpack_shortlink":"https:\/\/wp.me\/p6RhLt-suw","jetpack_sharing_enabled":true,"_links":{"self":[{"href":"https:\/\/eldiariodesanpedro.com.ar\/sitio\/wp-json\/wp\/v2\/posts\/109524","targetHints":{"allow":["GET"]}}],"collection":[{"href":"https:\/\/eldiariodesanpedro.com.ar\/sitio\/wp-json\/wp\/v2\/posts"}],"about":[{"href":"https:\/\/eldiariodesanpedro.com.ar\/sitio\/wp-json\/wp\/v2\/types\/post"}],"author":[{"embeddable":true,"href":"https:\/\/eldiariodesanpedro.com.ar\/sitio\/wp-json\/wp\/v2\/users\/4"}],"replies":[{"embeddable":true,"href":"https:\/\/eldiariodesanpedro.com.ar\/sitio\/wp-json\/wp\/v2\/comments?post=109524"}],"version-history":[{"count":2,"href":"https:\/\/eldiariodesanpedro.com.ar\/sitio\/wp-json\/wp\/v2\/posts\/109524\/revisions"}],"predecessor-version":[{"id":109528,"href":"https:\/\/eldiariodesanpedro.com.ar\/sitio\/wp-json\/wp\/v2\/posts\/109524\/revisions\/109528"}],"wp:featuredmedia":[{"embeddable":true,"href":"https:\/\/eldiariodesanpedro.com.ar\/sitio\/wp-json\/wp\/v2\/media\/82411"}],"wp:attachment":[{"href":"https:\/\/eldiariodesanpedro.com.ar\/sitio\/wp-json\/wp\/v2\/media?parent=109524"}],"wp:term":[{"taxonomy":"category","embeddable":true,"href":"https:\/\/eldiariodesanpedro.com.ar\/sitio\/wp-json\/wp\/v2\/categories?post=109524"},{"taxonomy":"post_tag","embeddable":true,"href":"https:\/\/eldiariodesanpedro.com.ar\/sitio\/wp-json\/wp\/v2\/tags?post=109524"}],"curies":[{"name":"wp","href":"https:\/\/api.w.org\/{rel}","templated":true}]}}