{"id":109521,"date":"2022-08-08T15:26:09","date_gmt":"2022-08-08T18:26:09","guid":{"rendered":"https:\/\/eldiariodesanpedro.com.ar\/sitio\/?p=109521"},"modified":"2022-08-08T15:26:09","modified_gmt":"2022-08-08T18:26:09","slug":"ingresa-un-barco-al-puerto-local-que-cargara-maiz-y-soja-para-llevar-a-estados-unidos","status":"publish","type":"post","link":"https:\/\/eldiariodesanpedro.com.ar\/sitio\/ingresa-un-barco-al-puerto-local-que-cargara-maiz-y-soja-para-llevar-a-estados-unidos\/","title":{"rendered":"Ingresa un barco al puerto local que cargara ma\u00edz y soja para llevar a Estados Unidos"},"content":{"rendered":"<!-- VideographyWP Plugin Message: Automatic video embedding prevented by plugin options. -->\n\n<p>El Puerto Local informa el arribo de un buque que cargar\u00e1 ma\u00edz y poroto de soja que ser\u00e1 transportado a los Estados Unidos.<\/p>\n\n\n\n<p>BUQUE: SIDER ATHENA&nbsp;<br>BANDERA:&nbsp; PANAMA<br>ESLORA:&nbsp; 179.99 MTS<br>PROCEDENCIA: BRASIL<br>MUELLE: ELEVADOR<br>ARRIBO ESTIMADO: &nbsp; 08-08-21 AM<br>MERCADERIA:&nbsp; 30.000 toneladas de ma\u00edz y poroto de soja a granel<br>DESTINO: ESTADOS UNIDOS<\/p>\n","protected":false},"excerpt":{"rendered":"<p>El Puerto Local informa el arribo de un buque que cargar\u00e1 ma\u00edz y poroto de soja que ser\u00e1 transportado a los Estados Unidos. BUQUE: SIDER ATHENA&nbsp;BANDERA:&nbsp; PANAMAESLORA:&nbsp; 179.99 MTSPROCEDENCIA: BRASILMUELLE: ELEVADORARRIBO ESTIMADO: &nbsp; 08-08-21 AMMERCADERIA:&nbsp; 30.000 toneladas de ma\u00edz y poroto de soja a granelDESTINO: ESTADOS UNIDOS<\/p>\n","protected":false},"author":4,"featured_media":109522,"comment_status":"closed","ping_status":"closed","sticky":false,"template":"","format":"standard","meta":{"om_disable_all_campaigns":false,"_jetpack_memberships_contains_paid_content":false,"footnotes":""},"categories":[50,101,2],"tags":[197,696,33,19],"class_list":["post-109521","post","type-post","status-publish","format-standard","has-post-thumbnail","hentry","category-destacadas","category-interes-general-locales","category-locales","tag-buenos-aires","tag-interes-general","tag-locales","tag-san-pedro"],"aioseo_notices":[],"gutentor_comment":0,"jetpack_featured_media_url":"https:\/\/eldiariodesanpedro.com.ar\/sitio\/wp-content\/uploads\/2022\/08\/1.jpg","jetpack_shortlink":"https:\/\/wp.me\/p6RhLt-sut","jetpack_sharing_enabled":true,"_links":{"self":[{"href":"https:\/\/eldiariodesanpedro.com.ar\/sitio\/wp-json\/wp\/v2\/posts\/109521","targetHints":{"allow":["GET"]}}],"collection":[{"href":"https:\/\/eldiariodesanpedro.com.ar\/sitio\/wp-json\/wp\/v2\/posts"}],"about":[{"href":"https:\/\/eldiariodesanpedro.com.ar\/sitio\/wp-json\/wp\/v2\/types\/post"}],"author":[{"embeddable":true,"href":"https:\/\/eldiariodesanpedro.com.ar\/sitio\/wp-json\/wp\/v2\/users\/4"}],"replies":[{"embeddable":true,"href":"https:\/\/eldiariodesanpedro.com.ar\/sitio\/wp-json\/wp\/v2\/comments?post=109521"}],"version-history":[{"count":1,"href":"https:\/\/eldiariodesanpedro.com.ar\/sitio\/wp-json\/wp\/v2\/posts\/109521\/revisions"}],"predecessor-version":[{"id":109523,"href":"https:\/\/eldiariodesanpedro.com.ar\/sitio\/wp-json\/wp\/v2\/posts\/109521\/revisions\/109523"}],"wp:featuredmedia":[{"embeddable":true,"href":"https:\/\/eldiariodesanpedro.com.ar\/sitio\/wp-json\/wp\/v2\/media\/109522"}],"wp:attachment":[{"href":"https:\/\/eldiariodesanpedro.com.ar\/sitio\/wp-json\/wp\/v2\/media?parent=109521"}],"wp:term":[{"taxonomy":"category","embeddable":true,"href":"https:\/\/eldiariodesanpedro.com.ar\/sitio\/wp-json\/wp\/v2\/categories?post=109521"},{"taxonomy":"post_tag","embeddable":true,"href":"https:\/\/eldiariodesanpedro.com.ar\/sitio\/wp-json\/wp\/v2\/tags?post=109521"}],"curies":[{"name":"wp","href":"https:\/\/api.w.org\/{rel}","templated":true}]}}