{"id":109511,"date":"2022-08-08T12:46:11","date_gmt":"2022-08-08T15:46:11","guid":{"rendered":"https:\/\/eldiariodesanpedro.com.ar\/sitio\/?p=109511"},"modified":"2022-08-08T12:58:16","modified_gmt":"2022-08-08T15:58:16","slug":"continuan-los-operativos-para-combatir-los-incendios-en-zona-de-islas-y-se-esperan-mas-brigadistas","status":"publish","type":"post","link":"https:\/\/eldiariodesanpedro.com.ar\/sitio\/continuan-los-operativos-para-combatir-los-incendios-en-zona-de-islas-y-se-esperan-mas-brigadistas\/","title":{"rendered":"Contin\u00faan los operativos para combatir los incendios en zona de islas y se esperan m\u00e1s brigadistas"},"content":{"rendered":"<!-- VideographyWP Plugin Message: Automatic video embedding prevented by plugin options. -->\n\n<p>Este domingo se reanudaron los trabajos que se vienen llevando a cabo en los \u00faltimos d\u00edas con base operativa en el Aeroclub local para combatir los incendios en zona de islas, coordinados por el Servicio Nacional de Manejo del Fuego (SNMF ) del Ministerio de Ambiente y Desarrollo Sostenible de la Naci\u00f3n.<\/p>\n\n\n\n<p>Actualmente trabajan en controlar los incendios 70 brigadistas (58 trabajando en tierra sumado a 12 de apoyo) y 10 integrantes del ej\u00e9rcito. Se encuentran disponibles para operar tres aviones hidrantes, tres helic\u00f3pteros con helibalde y un avi\u00f3n observador, pertenecientes al SNMF, junto a dos helic\u00f3pteros para traslado de personal, pertenecientes al Ministerio de Defensa y se sumar\u00e1n a los operativos 40 brigadistas m\u00e1s en las pr\u00f3ximas horas.<\/p>\n\n\n\n<p>Durante esta tarde, el Intendente Municipal Ram\u00f3n Salazar se present\u00f3 en el lugar para continuar interioriz\u00e1ndose con las autoridades encargadas de los trabajos y acompa\u00f1ar el desarrollo de las tareas que se vienen llevando a cabo. Participaron de la reuni\u00f3n el Director del Servicio Nacional de Manejo del Fuego del Ministerio de Ambiente y Desarrollo Sostenible de la Naci\u00f3n, Alberto Seufferheld, la coordinadora Regional del SNMF, Florencia Tu\u00f1on; el Secretario de Desarrollo Econ\u00f3mico Mart\u00edn Baraybar, el Secretario de Salud Pablo Pichioni, el Director de Defensa Civil San Pedro, Fabio Giovanettoni.<\/p>\n\n\n\n<p>Adem\u00e1s, el Intendente Salazar realiz\u00f3 un vuelo reconocimiento junto Alberto Seufferheld y Fabio Giovanettoni para verificar los focos activos y conocer el estado de situaci\u00f3n actual de la zona de islas, los cuales tambi\u00e9n son analizados desde el centro de operaciones establecido por el SNMF en el Aeroclub donde mantienen comunicaci\u00f3n directa con los operativos a\u00e9reos y en tierra.<\/p>\n\n\n\n<p>Durante el recorrido a\u00e9reo se destaca que, en su mayor\u00eda, los focos tienen una intencionalidad y aunque actualmente se realiza un gran trabajo mancomunado de parte del Estado Nacional, Provincial y Municipal suministrando recursos y exponiendo a los brigadistas, no es suficiente si contin\u00faa la quema indiscriminada por parte de la mano del hombre.<\/p>\n\n\n\n<p>Desde la Municipalidad de San Pedro se contin\u00faa brindando apoyo log\u00edstico, poniendo a disposici\u00f3n los recursos necesarios para acompa\u00f1ar las tareas luego de que se determin\u00f3 cambiar la base operativa hacia nuestra ciudad y brindando apoyo a trav\u00e9s de Bomberos Voluntarios con un cami\u00f3n cisterna, la Secretar\u00eda de Servicios P\u00fablicos con los camiones regadores y a trav\u00e9s de la Secretar\u00eda de Salud coordinando el protocolo de emergencia en caso de que se requiera y apoyando a los brigadistas con controles diarios antes de los operativos y al regresar de la zona en donde se controla presi\u00f3n, saturaci\u00f3n, frecuencia card\u00edaca, frecuencia respiratorias, lavado de ojos y curaciones en caso de ser necesario.<\/p>\n\n\n\n<figure class=\"wp-block-image size-full\"><img decoding=\"async\" width=\"840\" height=\"630\" data-attachment-id=\"109514\" data-permalink=\"https:\/\/eldiariodesanpedro.com.ar\/sitio\/continuan-los-operativos-para-combatir-los-incendios-en-zona-de-islas-y-se-esperan-mas-brigadistas\/whatsapp-image-2022-08-07-at-8-52-40-pm\/\" data-orig-file=\"https:\/\/eldiariodesanpedro.com.ar\/sitio\/wp-content\/uploads\/2022\/08\/WhatsApp-Image-2022-08-07-at-8.52.40-PM.jpeg\" data-orig-size=\"840,630\" data-comments-opened=\"0\" data-image-meta=\"{&quot;aperture&quot;:&quot;0&quot;,&quot;credit&quot;:&quot;&quot;,&quot;camera&quot;:&quot;&quot;,&quot;caption&quot;:&quot;&quot;,&quot;created_timestamp&quot;:&quot;0&quot;,&quot;copyright&quot;:&quot;&quot;,&quot;focal_length&quot;:&quot;0&quot;,&quot;iso&quot;:&quot;0&quot;,&quot;shutter_speed&quot;:&quot;0&quot;,&quot;title&quot;:&quot;&quot;,&quot;orientation&quot;:&quot;0&quot;}\" data-image-title=\"WhatsApp Image 2022-08-07 at 8.52.40 PM\" data-image-description=\"\" data-image-caption=\"\" data-large-file=\"https:\/\/eldiariodesanpedro.com.ar\/sitio\/wp-content\/uploads\/2022\/08\/WhatsApp-Image-2022-08-07-at-8.52.40-PM.jpeg\" data-src=\"https:\/\/eldiariodesanpedro.com.ar\/sitio\/wp-content\/uploads\/2022\/08\/WhatsApp-Image-2022-08-07-at-8.52.40-PM.jpeg\" alt=\"\" class=\"wp-image-109514 lazyload\" data-srcset=\"https:\/\/eldiariodesanpedro.com.ar\/sitio\/wp-content\/uploads\/2022\/08\/WhatsApp-Image-2022-08-07-at-8.52.40-PM.jpeg 840w, https:\/\/eldiariodesanpedro.com.ar\/sitio\/wp-content\/uploads\/2022\/08\/WhatsApp-Image-2022-08-07-at-8.52.40-PM-300x225.jpeg 300w, https:\/\/eldiariodesanpedro.com.ar\/sitio\/wp-content\/uploads\/2022\/08\/WhatsApp-Image-2022-08-07-at-8.52.40-PM-768x576.jpeg 768w, https:\/\/eldiariodesanpedro.com.ar\/sitio\/wp-content\/uploads\/2022\/08\/WhatsApp-Image-2022-08-07-at-8.52.40-PM-272x204.jpeg 272w\" data-sizes=\"(max-width: 840px) 100vw, 840px\" src=\"data:image\/svg+xml;base64,PHN2ZyB3aWR0aD0iMSIgaGVpZ2h0PSIxIiB4bWxucz0iaHR0cDovL3d3dy53My5vcmcvMjAwMC9zdmciPjwvc3ZnPg==\" style=\"--smush-placeholder-width: 840px; --smush-placeholder-aspect-ratio: 840\/630;\" \/><\/figure>\n\n\n\n<figure class=\"wp-block-image size-full\"><img decoding=\"async\" width=\"840\" height=\"630\" data-attachment-id=\"109512\" data-permalink=\"https:\/\/eldiariodesanpedro.com.ar\/sitio\/continuan-los-operativos-para-combatir-los-incendios-en-zona-de-islas-y-se-esperan-mas-brigadistas\/whatsapp-image-2022-08-07-at-8-52-39-pm\/\" data-orig-file=\"https:\/\/eldiariodesanpedro.com.ar\/sitio\/wp-content\/uploads\/2022\/08\/WhatsApp-Image-2022-08-07-at-8.52.39-PM.jpeg\" data-orig-size=\"840,630\" data-comments-opened=\"0\" data-image-meta=\"{&quot;aperture&quot;:&quot;0&quot;,&quot;credit&quot;:&quot;&quot;,&quot;camera&quot;:&quot;&quot;,&quot;caption&quot;:&quot;&quot;,&quot;created_timestamp&quot;:&quot;0&quot;,&quot;copyright&quot;:&quot;&quot;,&quot;focal_length&quot;:&quot;0&quot;,&quot;iso&quot;:&quot;0&quot;,&quot;shutter_speed&quot;:&quot;0&quot;,&quot;title&quot;:&quot;&quot;,&quot;orientation&quot;:&quot;0&quot;}\" data-image-title=\"WhatsApp Image 2022-08-07 at 8.52.39 PM\" data-image-description=\"\" data-image-caption=\"\" data-large-file=\"https:\/\/eldiariodesanpedro.com.ar\/sitio\/wp-content\/uploads\/2022\/08\/WhatsApp-Image-2022-08-07-at-8.52.39-PM.jpeg\" data-src=\"https:\/\/eldiariodesanpedro.com.ar\/sitio\/wp-content\/uploads\/2022\/08\/WhatsApp-Image-2022-08-07-at-8.52.39-PM.jpeg\" alt=\"\" class=\"wp-image-109512 lazyload\" data-srcset=\"https:\/\/eldiariodesanpedro.com.ar\/sitio\/wp-content\/uploads\/2022\/08\/WhatsApp-Image-2022-08-07-at-8.52.39-PM.jpeg 840w, https:\/\/eldiariodesanpedro.com.ar\/sitio\/wp-content\/uploads\/2022\/08\/WhatsApp-Image-2022-08-07-at-8.52.39-PM-300x225.jpeg 300w, https:\/\/eldiariodesanpedro.com.ar\/sitio\/wp-content\/uploads\/2022\/08\/WhatsApp-Image-2022-08-07-at-8.52.39-PM-768x576.jpeg 768w, https:\/\/eldiariodesanpedro.com.ar\/sitio\/wp-content\/uploads\/2022\/08\/WhatsApp-Image-2022-08-07-at-8.52.39-PM-272x204.jpeg 272w\" data-sizes=\"(max-width: 840px) 100vw, 840px\" src=\"data:image\/svg+xml;base64,PHN2ZyB3aWR0aD0iMSIgaGVpZ2h0PSIxIiB4bWxucz0iaHR0cDovL3d3dy53My5vcmcvMjAwMC9zdmciPjwvc3ZnPg==\" style=\"--smush-placeholder-width: 840px; --smush-placeholder-aspect-ratio: 840\/630;\" \/><\/figure>\n","protected":false},"excerpt":{"rendered":"<p>Este domingo se reanudaron los trabajos que se vienen llevando a cabo en los \u00faltimos d\u00edas con base operativa en el Aeroclub local para combatir los incendios en zona de islas, coordinados por el Servicio Nacional de Manejo del Fuego (SNMF ) del Ministerio de Ambiente y Desarrollo Sostenible de la Naci\u00f3n. Actualmente trabajan en [&hellip;]<\/p>\n","protected":false},"author":4,"featured_media":109518,"comment_status":"closed","ping_status":"closed","sticky":false,"template":"","format":"standard","meta":{"om_disable_all_campaigns":false,"_jetpack_memberships_contains_paid_content":false,"footnotes":""},"categories":[50,101,2],"tags":[197,696,33,19],"class_list":["post-109511","post","type-post","status-publish","format-standard","has-post-thumbnail","hentry","category-destacadas","category-interes-general-locales","category-locales","tag-buenos-aires","tag-interes-general","tag-locales","tag-san-pedro"],"aioseo_notices":[],"gutentor_comment":0,"jetpack_featured_media_url":"https:\/\/eldiariodesanpedro.com.ar\/sitio\/wp-content\/uploads\/2022\/08\/WhatsApp-Image-2022-08-08-at-12.00.46-PM.jpeg","jetpack_shortlink":"https:\/\/wp.me\/p6RhLt-suj","jetpack_sharing_enabled":true,"_links":{"self":[{"href":"https:\/\/eldiariodesanpedro.com.ar\/sitio\/wp-json\/wp\/v2\/posts\/109511","targetHints":{"allow":["GET"]}}],"collection":[{"href":"https:\/\/eldiariodesanpedro.com.ar\/sitio\/wp-json\/wp\/v2\/posts"}],"about":[{"href":"https:\/\/eldiariodesanpedro.com.ar\/sitio\/wp-json\/wp\/v2\/types\/post"}],"author":[{"embeddable":true,"href":"https:\/\/eldiariodesanpedro.com.ar\/sitio\/wp-json\/wp\/v2\/users\/4"}],"replies":[{"embeddable":true,"href":"https:\/\/eldiariodesanpedro.com.ar\/sitio\/wp-json\/wp\/v2\/comments?post=109511"}],"version-history":[{"count":1,"href":"https:\/\/eldiariodesanpedro.com.ar\/sitio\/wp-json\/wp\/v2\/posts\/109511\/revisions"}],"predecessor-version":[{"id":109519,"href":"https:\/\/eldiariodesanpedro.com.ar\/sitio\/wp-json\/wp\/v2\/posts\/109511\/revisions\/109519"}],"wp:featuredmedia":[{"embeddable":true,"href":"https:\/\/eldiariodesanpedro.com.ar\/sitio\/wp-json\/wp\/v2\/media\/109518"}],"wp:attachment":[{"href":"https:\/\/eldiariodesanpedro.com.ar\/sitio\/wp-json\/wp\/v2\/media?parent=109511"}],"wp:term":[{"taxonomy":"category","embeddable":true,"href":"https:\/\/eldiariodesanpedro.com.ar\/sitio\/wp-json\/wp\/v2\/categories?post=109511"},{"taxonomy":"post_tag","embeddable":true,"href":"https:\/\/eldiariodesanpedro.com.ar\/sitio\/wp-json\/wp\/v2\/tags?post=109511"}],"curies":[{"name":"wp","href":"https:\/\/api.w.org\/{rel}","templated":true}]}}