{"id":109499,"date":"2022-08-05T23:13:02","date_gmt":"2022-08-06T02:13:02","guid":{"rendered":"https:\/\/eldiariodesanpedro.com.ar\/sitio\/?p=109499"},"modified":"2022-08-05T23:13:03","modified_gmt":"2022-08-06T02:13:03","slug":"vuelven-a-clausurar-el-bar-de-tony-corra-por-no-presentar-papeles-habilitantes","status":"publish","type":"post","link":"https:\/\/eldiariodesanpedro.com.ar\/sitio\/vuelven-a-clausurar-el-bar-de-tony-corra-por-no-presentar-papeles-habilitantes\/","title":{"rendered":"Vuelven a clausurar el Bar de Tony Corra por no presentar papeles habilitantes"},"content":{"rendered":"<!-- VideographyWP Plugin Message: Automatic video embedding prevented by plugin options. -->\n\n<p>En la madrugad de hoy y a ra\u00edz de distintos planteamientos de la comunidad personal de la Estaci\u00f3n de Polic\u00eda Comunal procede a inspecci\u00f3n y posterior clausura del bar de copas \u201cPulper\u00eda El Tony\u201d, situado en la intersecci\u00f3n de las calles Benefactora Sampedrina y Casella, donde se identifica a distintos parroquianos y se traslada al propietario de dicho comercio a la dependencia policial a los fines legales pertinentes, procedi\u00e9ndose a secuestrar bebidas alcoh\u00f3licas y equipo de sonido, en raz\u00f3n de no contar con habilitaci\u00f3n municipal, y por ende no cuenta con habilitaci\u00f3n de REBA, habilitaci\u00f3n de Bomberos de San Nicol\u00e1s, siendo este comercio reincidente en este tipo de accionar.<\/p>\n\n\n\n<figure class=\"wp-block-image size-full\"><img decoding=\"async\" width=\"415\" height=\"630\" data-attachment-id=\"109501\" data-permalink=\"https:\/\/eldiariodesanpedro.com.ar\/sitio\/vuelven-a-clausurar-el-bar-de-tony-corra-por-no-presentar-papeles-habilitantes\/whatsapp-image-2022-08-05-at-10-37-33-am\/\" data-orig-file=\"https:\/\/eldiariodesanpedro.com.ar\/sitio\/wp-content\/uploads\/2022\/08\/WhatsApp-Image-2022-08-05-at-10.37.33-AM.jpeg\" data-orig-size=\"415,630\" data-comments-opened=\"0\" data-image-meta=\"{&quot;aperture&quot;:&quot;0&quot;,&quot;credit&quot;:&quot;&quot;,&quot;camera&quot;:&quot;&quot;,&quot;caption&quot;:&quot;&quot;,&quot;created_timestamp&quot;:&quot;0&quot;,&quot;copyright&quot;:&quot;&quot;,&quot;focal_length&quot;:&quot;0&quot;,&quot;iso&quot;:&quot;0&quot;,&quot;shutter_speed&quot;:&quot;0&quot;,&quot;title&quot;:&quot;&quot;,&quot;orientation&quot;:&quot;0&quot;}\" data-image-title=\"WhatsApp-Image-2022-08-05-at-10.37.33-AM\" data-image-description=\"\" data-image-caption=\"\" data-large-file=\"https:\/\/eldiariodesanpedro.com.ar\/sitio\/wp-content\/uploads\/2022\/08\/WhatsApp-Image-2022-08-05-at-10.37.33-AM.jpeg\" data-src=\"https:\/\/eldiariodesanpedro.com.ar\/sitio\/wp-content\/uploads\/2022\/08\/WhatsApp-Image-2022-08-05-at-10.37.33-AM.jpeg\" alt=\"\" class=\"wp-image-109501 lazyload\" data-srcset=\"https:\/\/eldiariodesanpedro.com.ar\/sitio\/wp-content\/uploads\/2022\/08\/WhatsApp-Image-2022-08-05-at-10.37.33-AM.jpeg 415w, https:\/\/eldiariodesanpedro.com.ar\/sitio\/wp-content\/uploads\/2022\/08\/WhatsApp-Image-2022-08-05-at-10.37.33-AM-198x300.jpeg 198w\" data-sizes=\"(max-width: 415px) 100vw, 415px\" src=\"data:image\/svg+xml;base64,PHN2ZyB3aWR0aD0iMSIgaGVpZ2h0PSIxIiB4bWxucz0iaHR0cDovL3d3dy53My5vcmcvMjAwMC9zdmciPjwvc3ZnPg==\" style=\"--smush-placeholder-width: 415px; --smush-placeholder-aspect-ratio: 415\/630;\" \/><\/figure>\n","protected":false},"excerpt":{"rendered":"<p>En la madrugad de hoy y a ra\u00edz de distintos planteamientos de la comunidad personal de la Estaci\u00f3n de Polic\u00eda Comunal procede a inspecci\u00f3n y posterior clausura del bar de copas \u201cPulper\u00eda El Tony\u201d, situado en la intersecci\u00f3n de las calles Benefactora Sampedrina y Casella, donde se identifica a distintos parroquianos y se traslada al [&hellip;]<\/p>\n","protected":false},"author":4,"featured_media":109500,"comment_status":"closed","ping_status":"closed","sticky":false,"template":"","format":"standard","meta":{"om_disable_all_campaigns":false,"_jetpack_memberships_contains_paid_content":false,"footnotes":""},"categories":[50,2,103],"tags":[197,33,95,19],"class_list":["post-109499","post","type-post","status-publish","format-standard","has-post-thumbnail","hentry","category-destacadas","category-locales","category-policiales-locales","tag-buenos-aires","tag-locales","tag-policiales","tag-san-pedro"],"aioseo_notices":[],"gutentor_comment":0,"jetpack_featured_media_url":"https:\/\/eldiariodesanpedro.com.ar\/sitio\/wp-content\/uploads\/2022\/08\/medida-7.png","jetpack_shortlink":"https:\/\/wp.me\/p6RhLt-su7","jetpack_sharing_enabled":true,"_links":{"self":[{"href":"https:\/\/eldiariodesanpedro.com.ar\/sitio\/wp-json\/wp\/v2\/posts\/109499","targetHints":{"allow":["GET"]}}],"collection":[{"href":"https:\/\/eldiariodesanpedro.com.ar\/sitio\/wp-json\/wp\/v2\/posts"}],"about":[{"href":"https:\/\/eldiariodesanpedro.com.ar\/sitio\/wp-json\/wp\/v2\/types\/post"}],"author":[{"embeddable":true,"href":"https:\/\/eldiariodesanpedro.com.ar\/sitio\/wp-json\/wp\/v2\/users\/4"}],"replies":[{"embeddable":true,"href":"https:\/\/eldiariodesanpedro.com.ar\/sitio\/wp-json\/wp\/v2\/comments?post=109499"}],"version-history":[{"count":1,"href":"https:\/\/eldiariodesanpedro.com.ar\/sitio\/wp-json\/wp\/v2\/posts\/109499\/revisions"}],"predecessor-version":[{"id":109502,"href":"https:\/\/eldiariodesanpedro.com.ar\/sitio\/wp-json\/wp\/v2\/posts\/109499\/revisions\/109502"}],"wp:featuredmedia":[{"embeddable":true,"href":"https:\/\/eldiariodesanpedro.com.ar\/sitio\/wp-json\/wp\/v2\/media\/109500"}],"wp:attachment":[{"href":"https:\/\/eldiariodesanpedro.com.ar\/sitio\/wp-json\/wp\/v2\/media?parent=109499"}],"wp:term":[{"taxonomy":"category","embeddable":true,"href":"https:\/\/eldiariodesanpedro.com.ar\/sitio\/wp-json\/wp\/v2\/categories?post=109499"},{"taxonomy":"post_tag","embeddable":true,"href":"https:\/\/eldiariodesanpedro.com.ar\/sitio\/wp-json\/wp\/v2\/tags?post=109499"}],"curies":[{"name":"wp","href":"https:\/\/api.w.org\/{rel}","templated":true}]}}