{"id":109496,"date":"2022-08-05T23:08:43","date_gmt":"2022-08-06T02:08:43","guid":{"rendered":"https:\/\/eldiariodesanpedro.com.ar\/sitio\/?p=109496"},"modified":"2022-08-05T23:08:44","modified_gmt":"2022-08-06T02:08:44","slug":"la-policia-recupera-una-motocicleta-abandonada-robada-el-pasado-lunes","status":"publish","type":"post","link":"https:\/\/eldiariodesanpedro.com.ar\/sitio\/la-policia-recupera-una-motocicleta-abandonada-robada-el-pasado-lunes\/","title":{"rendered":"La polic\u00eda recupera una motocicleta abandonada robada el pasado lunes"},"content":{"rendered":"<!-- VideographyWP Plugin Message: Automatic video embedding prevented by plugin options. -->\n\n<p>En el d\u00eda de ayer alrededor de las 19:30 hs el personal policial en recorrida se hace presente en calle Sargento Selada y Fray Cayetano Rodr\u00edguez, donde encuentra abandonada en v\u00eda p\u00fablica motocicleta Zanella ZB color azul, propiedad de una joven a quien se le fue sustra\u00edda el d\u00eda 01 de agosto en actuaciones caratuladas \u201churto\u201d.<\/p>\n","protected":false},"excerpt":{"rendered":"<p>En el d\u00eda de ayer alrededor de las 19:30 hs el personal policial en recorrida se hace presente en calle Sargento Selada y Fray Cayetano Rodr\u00edguez, donde encuentra abandonada en v\u00eda p\u00fablica motocicleta Zanella ZB color azul, propiedad de una joven a quien se le fue sustra\u00edda el d\u00eda 01 de agosto en actuaciones caratuladas [&hellip;]<\/p>\n","protected":false},"author":4,"featured_media":109497,"comment_status":"closed","ping_status":"closed","sticky":false,"template":"","format":"standard","meta":{"om_disable_all_campaigns":false,"_jetpack_memberships_contains_paid_content":false,"footnotes":""},"categories":[2,103],"tags":[197,33,95,19],"class_list":["post-109496","post","type-post","status-publish","format-standard","has-post-thumbnail","hentry","category-locales","category-policiales-locales","tag-buenos-aires","tag-locales","tag-policiales","tag-san-pedro"],"aioseo_notices":[],"gutentor_comment":0,"jetpack_featured_media_url":"https:\/\/eldiariodesanpedro.com.ar\/sitio\/wp-content\/uploads\/2022\/08\/WhatsApp-Image-2022-08-05-at-10.38.58-AM.jpeg","jetpack_shortlink":"https:\/\/wp.me\/p6RhLt-su4","jetpack_sharing_enabled":true,"_links":{"self":[{"href":"https:\/\/eldiariodesanpedro.com.ar\/sitio\/wp-json\/wp\/v2\/posts\/109496","targetHints":{"allow":["GET"]}}],"collection":[{"href":"https:\/\/eldiariodesanpedro.com.ar\/sitio\/wp-json\/wp\/v2\/posts"}],"about":[{"href":"https:\/\/eldiariodesanpedro.com.ar\/sitio\/wp-json\/wp\/v2\/types\/post"}],"author":[{"embeddable":true,"href":"https:\/\/eldiariodesanpedro.com.ar\/sitio\/wp-json\/wp\/v2\/users\/4"}],"replies":[{"embeddable":true,"href":"https:\/\/eldiariodesanpedro.com.ar\/sitio\/wp-json\/wp\/v2\/comments?post=109496"}],"version-history":[{"count":1,"href":"https:\/\/eldiariodesanpedro.com.ar\/sitio\/wp-json\/wp\/v2\/posts\/109496\/revisions"}],"predecessor-version":[{"id":109498,"href":"https:\/\/eldiariodesanpedro.com.ar\/sitio\/wp-json\/wp\/v2\/posts\/109496\/revisions\/109498"}],"wp:featuredmedia":[{"embeddable":true,"href":"https:\/\/eldiariodesanpedro.com.ar\/sitio\/wp-json\/wp\/v2\/media\/109497"}],"wp:attachment":[{"href":"https:\/\/eldiariodesanpedro.com.ar\/sitio\/wp-json\/wp\/v2\/media?parent=109496"}],"wp:term":[{"taxonomy":"category","embeddable":true,"href":"https:\/\/eldiariodesanpedro.com.ar\/sitio\/wp-json\/wp\/v2\/categories?post=109496"},{"taxonomy":"post_tag","embeddable":true,"href":"https:\/\/eldiariodesanpedro.com.ar\/sitio\/wp-json\/wp\/v2\/tags?post=109496"}],"curies":[{"name":"wp","href":"https:\/\/api.w.org\/{rel}","templated":true}]}}