{"id":109493,"date":"2022-08-05T22:59:41","date_gmt":"2022-08-06T01:59:41","guid":{"rendered":"https:\/\/eldiariodesanpedro.com.ar\/sitio\/?p=109493"},"modified":"2022-08-05T22:59:41","modified_gmt":"2022-08-06T01:59:41","slug":"primera-jornada-ambiental-municipal","status":"publish","type":"post","link":"https:\/\/eldiariodesanpedro.com.ar\/sitio\/primera-jornada-ambiental-municipal\/","title":{"rendered":"Primera jornada ambiental Municipal"},"content":{"rendered":"<!-- VideographyWP Plugin Message: Automatic video embedding prevented by plugin options. -->\n\n<p>El pr\u00f3ximo lunes 8 de agosto a las 16 hs. se desarrollar\u00e1 en el Sal\u00f3n Dorado del Honorable Concejo Deliberante la primera jornada ambiental Municipal llevada a cabo conjuntamente entre la Municipalidad de San Pedro, el Ministerio de Ambiente de la Provincia de Buenos Aires y el Ministerio de Ambiente y Desarrollo Sostenible de la Naci\u00f3n, en el marco del programa Capacitaciones para la Acci\u00f3n Ambiental que consta de capacitaciones en tem\u00e1ticas ambientales dirigido a fortalecer las capacidades t\u00e9cnicas con el objetivo de promover el cuidado del ambiente y la formaci\u00f3n de educadores.<\/p>\n\n\n\n<p>La propuesta est\u00e1 dirigida a directivos, docentes, profesores, ONG\u00b4S, ambientalistas, recuperadores, recicladores, comunicadores, ecologistas, gu\u00edas de turismo, prestadores de servicios, gu\u00edas de pesca, escuelas agrot\u00e9cnicas y toda persona interesada en participar de esta primera jornada ambiental municipal.<\/p>\n","protected":false},"excerpt":{"rendered":"<p>El pr\u00f3ximo lunes 8 de agosto a las 16 hs. se desarrollar\u00e1 en el Sal\u00f3n Dorado del Honorable Concejo Deliberante la primera jornada ambiental Municipal llevada a cabo conjuntamente entre la Municipalidad de San Pedro, el Ministerio de Ambiente de la Provincia de Buenos Aires y el Ministerio de Ambiente y Desarrollo Sostenible de la [&hellip;]<\/p>\n","protected":false},"author":4,"featured_media":109494,"comment_status":"closed","ping_status":"closed","sticky":false,"template":"","format":"standard","meta":{"om_disable_all_campaigns":false,"_jetpack_memberships_contains_paid_content":false,"footnotes":""},"categories":[101,2],"tags":[197,696,33,2951,19],"class_list":["post-109493","post","type-post","status-publish","format-standard","has-post-thumbnail","hentry","category-interes-general-locales","category-locales","tag-buenos-aires","tag-interes-general","tag-locales","tag-primera-jornada-ambiental-municipal","tag-san-pedro"],"aioseo_notices":[],"gutentor_comment":0,"jetpack_featured_media_url":"https:\/\/eldiariodesanpedro.com.ar\/sitio\/wp-content\/uploads\/2022\/08\/Industria-Mexicana-de-CC.-Personal.-social-y-ambiental-640x360-1.jpg","jetpack_shortlink":"https:\/\/wp.me\/p6RhLt-su1","jetpack_sharing_enabled":true,"_links":{"self":[{"href":"https:\/\/eldiariodesanpedro.com.ar\/sitio\/wp-json\/wp\/v2\/posts\/109493","targetHints":{"allow":["GET"]}}],"collection":[{"href":"https:\/\/eldiariodesanpedro.com.ar\/sitio\/wp-json\/wp\/v2\/posts"}],"about":[{"href":"https:\/\/eldiariodesanpedro.com.ar\/sitio\/wp-json\/wp\/v2\/types\/post"}],"author":[{"embeddable":true,"href":"https:\/\/eldiariodesanpedro.com.ar\/sitio\/wp-json\/wp\/v2\/users\/4"}],"replies":[{"embeddable":true,"href":"https:\/\/eldiariodesanpedro.com.ar\/sitio\/wp-json\/wp\/v2\/comments?post=109493"}],"version-history":[{"count":1,"href":"https:\/\/eldiariodesanpedro.com.ar\/sitio\/wp-json\/wp\/v2\/posts\/109493\/revisions"}],"predecessor-version":[{"id":109495,"href":"https:\/\/eldiariodesanpedro.com.ar\/sitio\/wp-json\/wp\/v2\/posts\/109493\/revisions\/109495"}],"wp:featuredmedia":[{"embeddable":true,"href":"https:\/\/eldiariodesanpedro.com.ar\/sitio\/wp-json\/wp\/v2\/media\/109494"}],"wp:attachment":[{"href":"https:\/\/eldiariodesanpedro.com.ar\/sitio\/wp-json\/wp\/v2\/media?parent=109493"}],"wp:term":[{"taxonomy":"category","embeddable":true,"href":"https:\/\/eldiariodesanpedro.com.ar\/sitio\/wp-json\/wp\/v2\/categories?post=109493"},{"taxonomy":"post_tag","embeddable":true,"href":"https:\/\/eldiariodesanpedro.com.ar\/sitio\/wp-json\/wp\/v2\/tags?post=109493"}],"curies":[{"name":"wp","href":"https:\/\/api.w.org\/{rel}","templated":true}]}}