{"id":109491,"date":"2022-08-05T22:29:32","date_gmt":"2022-08-06T01:29:32","guid":{"rendered":"https:\/\/eldiariodesanpedro.com.ar\/sitio\/?p=109491"},"modified":"2022-08-05T22:29:32","modified_gmt":"2022-08-06T01:29:32","slug":"una-mujer-herida-de-arma-de-fuego-en-el-barrio-104-viviendas","status":"publish","type":"post","link":"https:\/\/eldiariodesanpedro.com.ar\/sitio\/una-mujer-herida-de-arma-de-fuego-en-el-barrio-104-viviendas\/","title":{"rendered":"Una mujer herida de arma de fuego en el barrio 104 viviendas"},"content":{"rendered":"<!-- VideographyWP Plugin Message: Automatic video embedding prevented by plugin options. -->\n\n<p>En el d\u00eda de ayer a la tarde denuncio una joven de 17 a\u00f1os que fue &nbsp;asistida por progenitora, que encontr\u00e1ndose la vereda de su domicilio ubicado en el Barrio 104 viviendas quien presencio una discusi\u00f3n entre su hermano de 20 a\u00f1os y otro joven el cual no reconoce, que este ultimo en un instante extrae un arma de fuego y al salir corriendo del lugar efect\u00faa un disparo rosando su zona abdominal, lo que le ocasiona lesiones de car\u00e1cter leves por ello es trasladada a nosocomio local, donde se dictamina el car\u00e1cter de las lesiones no poniendo en riesgo su vida. Interviene UFI 11, fiscal\u00eda dispone notificaci\u00f3n del art\u00edculo 60 del C.P.P para el denunciado.-&nbsp;&nbsp;<\/p>\n","protected":false},"excerpt":{"rendered":"<p>En el d\u00eda de ayer a la tarde denuncio una joven de 17 a\u00f1os que fue &nbsp;asistida por progenitora, que encontr\u00e1ndose la vereda de su domicilio ubicado en el Barrio 104 viviendas quien presencio una discusi\u00f3n entre su hermano de 20 a\u00f1os y otro joven el cual no reconoce, que este ultimo en un instante [&hellip;]<\/p>\n","protected":false},"author":4,"featured_media":109364,"comment_status":"closed","ping_status":"closed","sticky":false,"template":"","format":"standard","meta":{"om_disable_all_campaigns":false,"_jetpack_memberships_contains_paid_content":false,"footnotes":""},"categories":[50,2,103],"tags":[197,33,95,19],"class_list":["post-109491","post","type-post","status-publish","format-standard","has-post-thumbnail","hentry","category-destacadas","category-locales","category-policiales-locales","tag-buenos-aires","tag-locales","tag-policiales","tag-san-pedro"],"aioseo_notices":[],"gutentor_comment":0,"jetpack_featured_media_url":"https:\/\/eldiariodesanpedro.com.ar\/sitio\/wp-content\/uploads\/2022\/08\/WhatsApp-Image-2022-08-03-at-5.33.55-PM-1.jpeg","jetpack_shortlink":"https:\/\/wp.me\/p6RhLt-stZ","jetpack_sharing_enabled":true,"_links":{"self":[{"href":"https:\/\/eldiariodesanpedro.com.ar\/sitio\/wp-json\/wp\/v2\/posts\/109491","targetHints":{"allow":["GET"]}}],"collection":[{"href":"https:\/\/eldiariodesanpedro.com.ar\/sitio\/wp-json\/wp\/v2\/posts"}],"about":[{"href":"https:\/\/eldiariodesanpedro.com.ar\/sitio\/wp-json\/wp\/v2\/types\/post"}],"author":[{"embeddable":true,"href":"https:\/\/eldiariodesanpedro.com.ar\/sitio\/wp-json\/wp\/v2\/users\/4"}],"replies":[{"embeddable":true,"href":"https:\/\/eldiariodesanpedro.com.ar\/sitio\/wp-json\/wp\/v2\/comments?post=109491"}],"version-history":[{"count":1,"href":"https:\/\/eldiariodesanpedro.com.ar\/sitio\/wp-json\/wp\/v2\/posts\/109491\/revisions"}],"predecessor-version":[{"id":109492,"href":"https:\/\/eldiariodesanpedro.com.ar\/sitio\/wp-json\/wp\/v2\/posts\/109491\/revisions\/109492"}],"wp:featuredmedia":[{"embeddable":true,"href":"https:\/\/eldiariodesanpedro.com.ar\/sitio\/wp-json\/wp\/v2\/media\/109364"}],"wp:attachment":[{"href":"https:\/\/eldiariodesanpedro.com.ar\/sitio\/wp-json\/wp\/v2\/media?parent=109491"}],"wp:term":[{"taxonomy":"category","embeddable":true,"href":"https:\/\/eldiariodesanpedro.com.ar\/sitio\/wp-json\/wp\/v2\/categories?post=109491"},{"taxonomy":"post_tag","embeddable":true,"href":"https:\/\/eldiariodesanpedro.com.ar\/sitio\/wp-json\/wp\/v2\/tags?post=109491"}],"curies":[{"name":"wp","href":"https:\/\/api.w.org\/{rel}","templated":true}]}}