{"id":109489,"date":"2022-08-05T22:27:18","date_gmt":"2022-08-06T01:27:18","guid":{"rendered":"https:\/\/eldiariodesanpedro.com.ar\/sitio\/?p=109489"},"modified":"2022-08-05T22:27:19","modified_gmt":"2022-08-06T01:27:19","slug":"una-mujer-sufrio-lesiones-en-su-brazo-por-una-discusion-con-un-vecino-en-estado-de-ebriedad","status":"publish","type":"post","link":"https:\/\/eldiariodesanpedro.com.ar\/sitio\/una-mujer-sufrio-lesiones-en-su-brazo-por-una-discusion-con-un-vecino-en-estado-de-ebriedad\/","title":{"rendered":"Una mujer sufri\u00f3 lesiones en su brazo por una discusi\u00f3n con un vecino en estado de ebriedad"},"content":{"rendered":"<!-- VideographyWP Plugin Message: Automatic video embedding prevented by plugin options. -->\n\n<p>En el d\u00eda de hoy en horas de la madrugada denuncio una mujer de 32 a\u00f1os que momentos antes que se encontraba en su domicilio, se hace presente un vecino el cual luego manifestarle insultos y agravios ya que se encontraba en estado de ebriedad y tras tornarse agresivo esgrime un arma blanca de tipo verijero y le provoca lesi\u00f3n cortante en su brazo izquierdo.<\/p>\n\n\n\n<p>La v\u00edctima se hizo presente en el nosocomio local donde se determin\u00f3 que presentaba lesiones car\u00e1cter leves.<\/p>\n\n\n\n<p>Interviene UFI 11, se procura correcta identificaci\u00f3n del denunciado.-<\/p>\n","protected":false},"excerpt":{"rendered":"<p>En el d\u00eda de hoy en horas de la madrugada denuncio una mujer de 32 a\u00f1os que momentos antes que se encontraba en su domicilio, se hace presente un vecino el cual luego manifestarle insultos y agravios ya que se encontraba en estado de ebriedad y tras tornarse agresivo esgrime un arma blanca de tipo [&hellip;]<\/p>\n","protected":false},"author":4,"featured_media":45394,"comment_status":"closed","ping_status":"closed","sticky":false,"template":"","format":"standard","meta":{"om_disable_all_campaigns":false,"_jetpack_memberships_contains_paid_content":false,"footnotes":""},"categories":[2,103],"tags":[197,33,95],"class_list":["post-109489","post","type-post","status-publish","format-standard","has-post-thumbnail","hentry","category-locales","category-policiales-locales","tag-buenos-aires","tag-locales","tag-policiales"],"aioseo_notices":[],"gutentor_comment":0,"jetpack_featured_media_url":"https:\/\/eldiariodesanpedro.com.ar\/sitio\/wp-content\/uploads\/2019\/01\/comisaria.jpg","jetpack_shortlink":"https:\/\/wp.me\/p6RhLt-stX","jetpack_sharing_enabled":true,"_links":{"self":[{"href":"https:\/\/eldiariodesanpedro.com.ar\/sitio\/wp-json\/wp\/v2\/posts\/109489","targetHints":{"allow":["GET"]}}],"collection":[{"href":"https:\/\/eldiariodesanpedro.com.ar\/sitio\/wp-json\/wp\/v2\/posts"}],"about":[{"href":"https:\/\/eldiariodesanpedro.com.ar\/sitio\/wp-json\/wp\/v2\/types\/post"}],"author":[{"embeddable":true,"href":"https:\/\/eldiariodesanpedro.com.ar\/sitio\/wp-json\/wp\/v2\/users\/4"}],"replies":[{"embeddable":true,"href":"https:\/\/eldiariodesanpedro.com.ar\/sitio\/wp-json\/wp\/v2\/comments?post=109489"}],"version-history":[{"count":1,"href":"https:\/\/eldiariodesanpedro.com.ar\/sitio\/wp-json\/wp\/v2\/posts\/109489\/revisions"}],"predecessor-version":[{"id":109490,"href":"https:\/\/eldiariodesanpedro.com.ar\/sitio\/wp-json\/wp\/v2\/posts\/109489\/revisions\/109490"}],"wp:featuredmedia":[{"embeddable":true,"href":"https:\/\/eldiariodesanpedro.com.ar\/sitio\/wp-json\/wp\/v2\/media\/45394"}],"wp:attachment":[{"href":"https:\/\/eldiariodesanpedro.com.ar\/sitio\/wp-json\/wp\/v2\/media?parent=109489"}],"wp:term":[{"taxonomy":"category","embeddable":true,"href":"https:\/\/eldiariodesanpedro.com.ar\/sitio\/wp-json\/wp\/v2\/categories?post=109489"},{"taxonomy":"post_tag","embeddable":true,"href":"https:\/\/eldiariodesanpedro.com.ar\/sitio\/wp-json\/wp\/v2\/tags?post=109489"}],"curies":[{"name":"wp","href":"https:\/\/api.w.org\/{rel}","templated":true}]}}