{"id":109487,"date":"2022-08-05T22:16:53","date_gmt":"2022-08-06T01:16:53","guid":{"rendered":"https:\/\/eldiariodesanpedro.com.ar\/sitio\/?p=109487"},"modified":"2022-08-05T22:16:55","modified_gmt":"2022-08-06T01:16:55","slug":"una-mujer-que-sufrio-un-accidente-de-transito-fue-golpeada-por-la-hermana-del-conductor-del-otro-rodado","status":"publish","type":"post","link":"https:\/\/eldiariodesanpedro.com.ar\/sitio\/una-mujer-que-sufrio-un-accidente-de-transito-fue-golpeada-por-la-hermana-del-conductor-del-otro-rodado\/","title":{"rendered":"Una mujer que sufri\u00f3 un accidente de transito fue golpeada por la hermana del conductor del otro rodado"},"content":{"rendered":"<!-- VideographyWP Plugin Message: Automatic video embedding prevented by plugin options. -->\n\n<p>En el d\u00eda de ayer en horas de la noche una mujer denunci\u00f3 de 33 a\u00f1os denuncio que siendo alrededor de las 17:30 hs en calle 3 de Febrero entre Humanes y M. Reina cuando conduc\u00eda su motocicleta tuvo un accidente de tr\u00e1nsito donde el otro involucrado result\u00f3 ser un hombre que conduc\u00eda un autom\u00f3vil a ra\u00edz de ello una mujer que pasaba por el lugar quien refiri\u00f3 ser hermana del conductor con el cual colisiono, se acerc\u00f3 a denunciante y la golpe\u00f3, ocasion\u00e1ndole lesiones de car\u00e1cter leves.<\/p>\n","protected":false},"excerpt":{"rendered":"<p>En el d\u00eda de ayer en horas de la noche una mujer denunci\u00f3 de 33 a\u00f1os denuncio que siendo alrededor de las 17:30 hs en calle 3 de Febrero entre Humanes y M. Reina cuando conduc\u00eda su motocicleta tuvo un accidente de tr\u00e1nsito donde el otro involucrado result\u00f3 ser un hombre que conduc\u00eda un autom\u00f3vil [&hellip;]<\/p>\n","protected":false},"author":4,"featured_media":77860,"comment_status":"closed","ping_status":"closed","sticky":false,"template":"","format":"standard","meta":{"om_disable_all_campaigns":false,"_jetpack_memberships_contains_paid_content":false,"footnotes":""},"categories":[2,103],"tags":[197,33,95,19],"class_list":["post-109487","post","type-post","status-publish","format-standard","has-post-thumbnail","hentry","category-locales","category-policiales-locales","tag-buenos-aires","tag-locales","tag-policiales","tag-san-pedro"],"aioseo_notices":[],"gutentor_comment":0,"jetpack_featured_media_url":"https:\/\/eldiariodesanpedro.com.ar\/sitio\/wp-content\/uploads\/2020\/07\/000085506.jpg","jetpack_shortlink":"https:\/\/wp.me\/p6RhLt-stV","jetpack_sharing_enabled":true,"_links":{"self":[{"href":"https:\/\/eldiariodesanpedro.com.ar\/sitio\/wp-json\/wp\/v2\/posts\/109487","targetHints":{"allow":["GET"]}}],"collection":[{"href":"https:\/\/eldiariodesanpedro.com.ar\/sitio\/wp-json\/wp\/v2\/posts"}],"about":[{"href":"https:\/\/eldiariodesanpedro.com.ar\/sitio\/wp-json\/wp\/v2\/types\/post"}],"author":[{"embeddable":true,"href":"https:\/\/eldiariodesanpedro.com.ar\/sitio\/wp-json\/wp\/v2\/users\/4"}],"replies":[{"embeddable":true,"href":"https:\/\/eldiariodesanpedro.com.ar\/sitio\/wp-json\/wp\/v2\/comments?post=109487"}],"version-history":[{"count":1,"href":"https:\/\/eldiariodesanpedro.com.ar\/sitio\/wp-json\/wp\/v2\/posts\/109487\/revisions"}],"predecessor-version":[{"id":109488,"href":"https:\/\/eldiariodesanpedro.com.ar\/sitio\/wp-json\/wp\/v2\/posts\/109487\/revisions\/109488"}],"wp:featuredmedia":[{"embeddable":true,"href":"https:\/\/eldiariodesanpedro.com.ar\/sitio\/wp-json\/wp\/v2\/media\/77860"}],"wp:attachment":[{"href":"https:\/\/eldiariodesanpedro.com.ar\/sitio\/wp-json\/wp\/v2\/media?parent=109487"}],"wp:term":[{"taxonomy":"category","embeddable":true,"href":"https:\/\/eldiariodesanpedro.com.ar\/sitio\/wp-json\/wp\/v2\/categories?post=109487"},{"taxonomy":"post_tag","embeddable":true,"href":"https:\/\/eldiariodesanpedro.com.ar\/sitio\/wp-json\/wp\/v2\/tags?post=109487"}],"curies":[{"name":"wp","href":"https:\/\/api.w.org\/{rel}","templated":true}]}}