{"id":109484,"date":"2022-08-05T22:07:28","date_gmt":"2022-08-06T01:07:28","guid":{"rendered":"https:\/\/eldiariodesanpedro.com.ar\/sitio\/?p=109484"},"modified":"2022-08-05T22:07:29","modified_gmt":"2022-08-06T01:07:29","slug":"un-perro-perdio-la-vida-siendo-envenenado-con-albondigas","status":"publish","type":"post","link":"https:\/\/eldiariodesanpedro.com.ar\/sitio\/un-perro-perdio-la-vida-siendo-envenenado-con-albondigas\/","title":{"rendered":"Un perro perdi\u00f3 la vida siendo envenenado con alb\u00f3ndigas"},"content":{"rendered":"<!-- VideographyWP Plugin Message: Automatic video embedding prevented by plugin options. -->\n\n<p>En el d\u00eda de ayer en horas de la noche una ciudadana de 32 a\u00f1os que a las ma\u00f1ana sali\u00f3 de su vivienda ubicado en calle Independencia al 2000 para dejar salir a su can y luego vuelve a ingresar se da cuenta que su perro estaba en muy mal estado de salud debido a que fue envenenado con unas alb\u00f3ndigas con sustancia t\u00f3xica que hab\u00eda a su lado, antes de llegar al veterinario falleci\u00f3. Interviene UFI 11.<\/p>\n","protected":false},"excerpt":{"rendered":"<p>En el d\u00eda de ayer en horas de la noche una ciudadana de 32 a\u00f1os que a las ma\u00f1ana sali\u00f3 de su vivienda ubicado en calle Independencia al 2000 para dejar salir a su can y luego vuelve a ingresar se da cuenta que su perro estaba en muy mal estado de salud debido a [&hellip;]<\/p>\n","protected":false},"author":4,"featured_media":109485,"comment_status":"closed","ping_status":"closed","sticky":false,"template":"","format":"standard","meta":{"om_disable_all_campaigns":false,"_jetpack_memberships_contains_paid_content":false,"footnotes":""},"categories":[50,2,103],"tags":[197,33,95,19],"class_list":["post-109484","post","type-post","status-publish","format-standard","has-post-thumbnail","hentry","category-destacadas","category-locales","category-policiales-locales","tag-buenos-aires","tag-locales","tag-policiales","tag-san-pedro"],"aioseo_notices":[],"gutentor_comment":0,"jetpack_featured_media_url":"https:\/\/eldiariodesanpedro.com.ar\/sitio\/wp-content\/uploads\/2022\/08\/60e78abdbf401.jpg","jetpack_shortlink":"https:\/\/wp.me\/p6RhLt-stS","jetpack_sharing_enabled":true,"_links":{"self":[{"href":"https:\/\/eldiariodesanpedro.com.ar\/sitio\/wp-json\/wp\/v2\/posts\/109484","targetHints":{"allow":["GET"]}}],"collection":[{"href":"https:\/\/eldiariodesanpedro.com.ar\/sitio\/wp-json\/wp\/v2\/posts"}],"about":[{"href":"https:\/\/eldiariodesanpedro.com.ar\/sitio\/wp-json\/wp\/v2\/types\/post"}],"author":[{"embeddable":true,"href":"https:\/\/eldiariodesanpedro.com.ar\/sitio\/wp-json\/wp\/v2\/users\/4"}],"replies":[{"embeddable":true,"href":"https:\/\/eldiariodesanpedro.com.ar\/sitio\/wp-json\/wp\/v2\/comments?post=109484"}],"version-history":[{"count":1,"href":"https:\/\/eldiariodesanpedro.com.ar\/sitio\/wp-json\/wp\/v2\/posts\/109484\/revisions"}],"predecessor-version":[{"id":109486,"href":"https:\/\/eldiariodesanpedro.com.ar\/sitio\/wp-json\/wp\/v2\/posts\/109484\/revisions\/109486"}],"wp:featuredmedia":[{"embeddable":true,"href":"https:\/\/eldiariodesanpedro.com.ar\/sitio\/wp-json\/wp\/v2\/media\/109485"}],"wp:attachment":[{"href":"https:\/\/eldiariodesanpedro.com.ar\/sitio\/wp-json\/wp\/v2\/media?parent=109484"}],"wp:term":[{"taxonomy":"category","embeddable":true,"href":"https:\/\/eldiariodesanpedro.com.ar\/sitio\/wp-json\/wp\/v2\/categories?post=109484"},{"taxonomy":"post_tag","embeddable":true,"href":"https:\/\/eldiariodesanpedro.com.ar\/sitio\/wp-json\/wp\/v2\/tags?post=109484"}],"curies":[{"name":"wp","href":"https:\/\/api.w.org\/{rel}","templated":true}]}}