{"id":109482,"date":"2022-08-05T21:55:36","date_gmt":"2022-08-06T00:55:36","guid":{"rendered":"https:\/\/eldiariodesanpedro.com.ar\/sitio\/?p=109482"},"modified":"2022-08-05T21:59:15","modified_gmt":"2022-08-06T00:59:15","slug":"una-mujer-denuncio-haber-recibido-amenazas","status":"publish","type":"post","link":"https:\/\/eldiariodesanpedro.com.ar\/sitio\/una-mujer-denuncio-haber-recibido-amenazas\/","title":{"rendered":"Una mujer denuncio haber recibido amenazas"},"content":{"rendered":"<!-- VideographyWP Plugin Message: Automatic video embedding prevented by plugin options. -->\n\n<p>En el d\u00eda de ayer, en horas de la tarde noche denuncio una mujer de 51 a\u00f1os en la comisaria local que alrededor de las 18:30hs encontr\u00e1ndose en el interior de su vivienda ubicada en calle Cruz Roja al 1900, observa circular por la v\u00eda p\u00fablica un masculino el cual reconoce y la amenaza verbalmente. Seg\u00fan se pudo determinar que es un conflicto de larga data.<\/p>\n\n\n\n<p>Se procura identificaci\u00f3n del denunciado. Interviene UFI 11.-<\/p>\n","protected":false},"excerpt":{"rendered":"<p>En el d\u00eda de ayer, en horas de la tarde noche denuncio una mujer de 51 a\u00f1os en la comisaria local que alrededor de las 18:30hs encontr\u00e1ndose en el interior de su vivienda ubicada en calle Cruz Roja al 1900, observa circular por la v\u00eda p\u00fablica un masculino el cual reconoce y la amenaza verbalmente. [&hellip;]<\/p>\n","protected":false},"author":4,"featured_media":103679,"comment_status":"closed","ping_status":"closed","sticky":false,"template":"","format":"standard","meta":{"om_disable_all_campaigns":false,"_jetpack_memberships_contains_paid_content":false,"footnotes":""},"categories":[2,103],"tags":[197,33,95,19],"class_list":["post-109482","post","type-post","status-publish","format-standard","has-post-thumbnail","hentry","category-locales","category-policiales-locales","tag-buenos-aires","tag-locales","tag-policiales","tag-san-pedro"],"aioseo_notices":[],"gutentor_comment":0,"jetpack_featured_media_url":"https:\/\/eldiariodesanpedro.com.ar\/sitio\/wp-content\/uploads\/2022\/02\/comisaria_san_pedro.jpg","jetpack_shortlink":"https:\/\/wp.me\/p6RhLt-stQ","jetpack_sharing_enabled":true,"_links":{"self":[{"href":"https:\/\/eldiariodesanpedro.com.ar\/sitio\/wp-json\/wp\/v2\/posts\/109482","targetHints":{"allow":["GET"]}}],"collection":[{"href":"https:\/\/eldiariodesanpedro.com.ar\/sitio\/wp-json\/wp\/v2\/posts"}],"about":[{"href":"https:\/\/eldiariodesanpedro.com.ar\/sitio\/wp-json\/wp\/v2\/types\/post"}],"author":[{"embeddable":true,"href":"https:\/\/eldiariodesanpedro.com.ar\/sitio\/wp-json\/wp\/v2\/users\/4"}],"replies":[{"embeddable":true,"href":"https:\/\/eldiariodesanpedro.com.ar\/sitio\/wp-json\/wp\/v2\/comments?post=109482"}],"version-history":[{"count":1,"href":"https:\/\/eldiariodesanpedro.com.ar\/sitio\/wp-json\/wp\/v2\/posts\/109482\/revisions"}],"predecessor-version":[{"id":109483,"href":"https:\/\/eldiariodesanpedro.com.ar\/sitio\/wp-json\/wp\/v2\/posts\/109482\/revisions\/109483"}],"wp:featuredmedia":[{"embeddable":true,"href":"https:\/\/eldiariodesanpedro.com.ar\/sitio\/wp-json\/wp\/v2\/media\/103679"}],"wp:attachment":[{"href":"https:\/\/eldiariodesanpedro.com.ar\/sitio\/wp-json\/wp\/v2\/media?parent=109482"}],"wp:term":[{"taxonomy":"category","embeddable":true,"href":"https:\/\/eldiariodesanpedro.com.ar\/sitio\/wp-json\/wp\/v2\/categories?post=109482"},{"taxonomy":"post_tag","embeddable":true,"href":"https:\/\/eldiariodesanpedro.com.ar\/sitio\/wp-json\/wp\/v2\/tags?post=109482"}],"curies":[{"name":"wp","href":"https:\/\/api.w.org\/{rel}","templated":true}]}}