{"id":109468,"date":"2022-08-05T17:54:46","date_gmt":"2022-08-05T20:54:46","guid":{"rendered":"https:\/\/eldiariodesanpedro.com.ar\/sitio\/?p=109468"},"modified":"2022-08-05T17:54:47","modified_gmt":"2022-08-05T20:54:47","slug":"conferencia-de-prensa-informativa-sobre-la-situacion-por-los-incendios-en-islas","status":"publish","type":"post","link":"https:\/\/eldiariodesanpedro.com.ar\/sitio\/conferencia-de-prensa-informativa-sobre-la-situacion-por-los-incendios-en-islas\/","title":{"rendered":"Conferencia de prensa informativa sobre la  situaci\u00f3n por los incendios en islas"},"content":{"rendered":"<!-- VideographyWP Plugin Message: Automatic video embedding prevented by plugin options. -->\n\n<p>Esta ma\u00f1ana, en la Secretar\u00eda de Desarrollo Econ\u00f3mico se llev\u00f3 a cabo una conferencia de prensa encabezada por el secretario del \u00e1rea Mart\u00edn Baraybar; el Director de Defensa Civil, Fabio Giovanettoni y el Director de Ambiente, Gustavo Sol\u00e1 en la que se realiz\u00f3 una actualizaci\u00f3n de la situaci\u00f3n provocada por los incendios en la zona de islas y se dieron detalles de los trabajos que se vienen realizando desde el Gobierno que encabeza el Dr. Ram\u00f3n Salazar respecto de un tema de mucha importancia, de dif\u00edcil resoluci\u00f3n principalmente por ser jurisdicci\u00f3n de la Provincia de Entre R\u00edos donde se encuentra el amplio porcentaje de focos \u00edgneos, pero que tiene la prioridad de ser abordado para encontrar soluciones a diferentes ejes que permitan mejorar la situaci\u00f3n actual.<\/p>\n\n\n\n<p>A trav\u00e9s de una tarea desarrollada de manera coordinada entre las direcciones de Defensa Civil y Ambiente, la Municipalidad de San Pedro se centra en tareas de prevenci\u00f3n, trabajo de campo y recolecci\u00f3n de datos para una presentaci\u00f3n judicial a trav\u00e9s de la Direcci\u00f3n de Asesor\u00eda Letrada.<\/p>\n\n\n\n<p>Desde la Direcci\u00f3n de Ambiente se lleva a cabo la tarea de identificar las viviendas en zona de isla para establecer, a trav\u00e9s de un trabajo integral de campo, el grado de riesgo de las mismas y generar v\u00ednculos que permitan la identificaci\u00f3n de los habitantes de esos sectores para llevar a cabo un diagn\u00f3stico que determine prioridades de acci\u00f3n. Adem\u00e1s, se realiz\u00f3 un an\u00e1lisis de los \u00faltimos diez a\u00f1os de concurrencias de incendios en la regi\u00f3n, dado que San Pedro se vio afectado en muchas ocasiones por los incendios que ocurren en la provincia de Entre R\u00edos, determinando que, en un total de 5047 focos \u00edgneos, el 88% ocurrieron en jurisdicci\u00f3n de la provincia vecina y el 12% en nuestro Partido, siendo el per\u00edodo de agosto a octubre donde se generan la mayor cantidad de quemas.<\/p>\n\n\n\n<p>Los datos recabados permitir\u00e1n establecer, en una imagen satelital, las coordenadas para determinar las diferentes cuadr\u00edculas correspondientes a la jurisdicci\u00f3n de la provincia en las que se podr\u00e1n definir la cantidad de incendios ocurridos, que ser\u00e1n contrastados con los datos que se encuentran tanto en ARBA como en urBAsig, permitiendo identificar la nomenclatura catastral en las que se realizan las quemas.<\/p>\n\n\n\n<p>Por su parte, la Direcci\u00f3n de Defensa Civil local mantuvo contacto permanente con la Direcci\u00f3n Provincial de Defensa Civil de Entre R\u00edos, el Sistema Nacional de Manejo del Fuego y la Secretar\u00eda de Ambiente de la Provincia de Entre R\u00edos, poniendo a disposici\u00f3n por expreso pedido del Intendente Municipal Ram\u00f3n Salazar, los recursos que sean necesarios para acompa\u00f1ar las tareas, ya que por una cuesti\u00f3n jurisdiccional el estado local puede brindar apoyo log\u00edstico y no de acci\u00f3n directa.<\/p>\n\n\n\n<p>La estrategia a desarrollar inicialmente se estableci\u00f3 en la ciudad de San Nicol\u00e1s, pero ante las cuestiones meteorol\u00f3gicas se determin\u00f3 cambiar la base operativa hacia nuestra ciudad. Actualmente se cuenta con la presencia de 21 brigadistas tanto de la Polic\u00eda Federal Argentina, como de la Provincia de Entre R\u00edos y del Plan Provincial de Manejo del Fuego, dos helic\u00f3pteros, dos aviones hidrantes y se analiza la posibilidad de incorporar m\u00e1s medios a\u00e9reos. Desde la Municipalidad de San Pedro se brinda apoyo a trav\u00e9s de Bomberos Voluntarios con un cami\u00f3n cisterna, la Secretar\u00eda de Servicios P\u00fablicos con los camiones regadores y se encuentra a disposici\u00f3n en caso de ser necesario el cami\u00f3n cisterna de Bomberos Voluntarios de Santa Luc\u00eda.<\/p>\n\n\n\n<p>En cuanto a los trabajos para combatir los incendios, se realiz\u00f3 un an\u00e1lisis inicial a trav\u00e9s de un vuelo de reconocimiento en el que los jefes operativos localizaron los focos y determinaron las tareas a realizar, siendo de importancia los medios a\u00e9reos para combatir las llamas y diagramar los trabajos, pero resultando de total necesidad el trabajo humano para la extinci\u00f3n final. El d\u00eda jueves se realizaron tareas de quema inducida, trabajos que demandan unas 8 horas y que tienen la finalidad de inducir al fuego a llegar a determinados lugares para reducir la necesidad de agua. Tambi\u00e9n se trabaja con autoridades del Ministerio de Seguridad de la Provincia de Buenos Aires y la Direcci\u00f3n Provincial del Defensa Civil de Buenos Aires para la planificaci\u00f3n de acciones en el caso de que se genere alg\u00fan incidente en la jurisdicci\u00f3n local.<\/p>\n\n\n\n<p>A trav\u00e9s de este informe desde la Municipalidad de San Pedro se detallan las tareas que son realizadas para abordar dos ejes de suma importancia como son la situaci\u00f3n ambiental y la afectaci\u00f3n de la salud, ya sea por cercan\u00eda a la zona de los incidentes como por el humo que se genera y afecta a nuestros vecinos. Se continuar\u00e1 trabajando para recabar informaci\u00f3n fehaciente al \u00e1rea legal, quien analizar\u00e1 junto al intendente y el equipo de gobierno las acciones adecuadas en materia judicial.<\/p>\n\n\n\n<figure class=\"wp-block-image size-full\"><img decoding=\"async\" width=\"840\" height=\"630\" data-attachment-id=\"109470\" data-permalink=\"https:\/\/eldiariodesanpedro.com.ar\/sitio\/conferencia-de-prensa-informativa-sobre-la-situacion-por-los-incendios-en-islas\/whatsapp-image-2022-08-05-at-3-55-33-pm\/\" data-orig-file=\"https:\/\/eldiariodesanpedro.com.ar\/sitio\/wp-content\/uploads\/2022\/08\/WhatsApp-Image-2022-08-05-at-3.55.33-PM.jpeg\" data-orig-size=\"840,630\" data-comments-opened=\"0\" data-image-meta=\"{&quot;aperture&quot;:&quot;0&quot;,&quot;credit&quot;:&quot;&quot;,&quot;camera&quot;:&quot;&quot;,&quot;caption&quot;:&quot;&quot;,&quot;created_timestamp&quot;:&quot;0&quot;,&quot;copyright&quot;:&quot;&quot;,&quot;focal_length&quot;:&quot;0&quot;,&quot;iso&quot;:&quot;0&quot;,&quot;shutter_speed&quot;:&quot;0&quot;,&quot;title&quot;:&quot;&quot;,&quot;orientation&quot;:&quot;0&quot;}\" data-image-title=\"WhatsApp Image 2022-08-05 at 3.55.33 PM\" data-image-description=\"\" data-image-caption=\"\" data-large-file=\"https:\/\/eldiariodesanpedro.com.ar\/sitio\/wp-content\/uploads\/2022\/08\/WhatsApp-Image-2022-08-05-at-3.55.33-PM.jpeg\" data-src=\"https:\/\/eldiariodesanpedro.com.ar\/sitio\/wp-content\/uploads\/2022\/08\/WhatsApp-Image-2022-08-05-at-3.55.33-PM.jpeg\" alt=\"\" class=\"wp-image-109470 lazyload\" data-srcset=\"https:\/\/eldiariodesanpedro.com.ar\/sitio\/wp-content\/uploads\/2022\/08\/WhatsApp-Image-2022-08-05-at-3.55.33-PM.jpeg 840w, https:\/\/eldiariodesanpedro.com.ar\/sitio\/wp-content\/uploads\/2022\/08\/WhatsApp-Image-2022-08-05-at-3.55.33-PM-300x225.jpeg 300w, https:\/\/eldiariodesanpedro.com.ar\/sitio\/wp-content\/uploads\/2022\/08\/WhatsApp-Image-2022-08-05-at-3.55.33-PM-768x576.jpeg 768w, https:\/\/eldiariodesanpedro.com.ar\/sitio\/wp-content\/uploads\/2022\/08\/WhatsApp-Image-2022-08-05-at-3.55.33-PM-272x204.jpeg 272w\" data-sizes=\"(max-width: 840px) 100vw, 840px\" src=\"data:image\/svg+xml;base64,PHN2ZyB3aWR0aD0iMSIgaGVpZ2h0PSIxIiB4bWxucz0iaHR0cDovL3d3dy53My5vcmcvMjAwMC9zdmciPjwvc3ZnPg==\" style=\"--smush-placeholder-width: 840px; --smush-placeholder-aspect-ratio: 840\/630;\" \/><\/figure>\n\n\n\n<figure class=\"wp-block-image size-full\"><img decoding=\"async\" width=\"630\" height=\"630\" data-attachment-id=\"109471\" data-permalink=\"https:\/\/eldiariodesanpedro.com.ar\/sitio\/conferencia-de-prensa-informativa-sobre-la-situacion-por-los-incendios-en-islas\/whatsapp-image-2022-08-05-at-3-55-34-pm\/\" data-orig-file=\"https:\/\/eldiariodesanpedro.com.ar\/sitio\/wp-content\/uploads\/2022\/08\/WhatsApp-Image-2022-08-05-at-3.55.34-PM.jpeg\" data-orig-size=\"630,630\" data-comments-opened=\"0\" data-image-meta=\"{&quot;aperture&quot;:&quot;0&quot;,&quot;credit&quot;:&quot;&quot;,&quot;camera&quot;:&quot;&quot;,&quot;caption&quot;:&quot;&quot;,&quot;created_timestamp&quot;:&quot;0&quot;,&quot;copyright&quot;:&quot;&quot;,&quot;focal_length&quot;:&quot;0&quot;,&quot;iso&quot;:&quot;0&quot;,&quot;shutter_speed&quot;:&quot;0&quot;,&quot;title&quot;:&quot;&quot;,&quot;orientation&quot;:&quot;0&quot;}\" data-image-title=\"WhatsApp Image 2022-08-05 at 3.55.34 PM\" data-image-description=\"\" data-image-caption=\"\" data-large-file=\"https:\/\/eldiariodesanpedro.com.ar\/sitio\/wp-content\/uploads\/2022\/08\/WhatsApp-Image-2022-08-05-at-3.55.34-PM.jpeg\" data-src=\"https:\/\/eldiariodesanpedro.com.ar\/sitio\/wp-content\/uploads\/2022\/08\/WhatsApp-Image-2022-08-05-at-3.55.34-PM.jpeg\" alt=\"\" class=\"wp-image-109471 lazyload\" data-srcset=\"https:\/\/eldiariodesanpedro.com.ar\/sitio\/wp-content\/uploads\/2022\/08\/WhatsApp-Image-2022-08-05-at-3.55.34-PM.jpeg 630w, https:\/\/eldiariodesanpedro.com.ar\/sitio\/wp-content\/uploads\/2022\/08\/WhatsApp-Image-2022-08-05-at-3.55.34-PM-300x300.jpeg 300w, https:\/\/eldiariodesanpedro.com.ar\/sitio\/wp-content\/uploads\/2022\/08\/WhatsApp-Image-2022-08-05-at-3.55.34-PM-150x150.jpeg 150w\" data-sizes=\"(max-width: 630px) 100vw, 630px\" src=\"data:image\/svg+xml;base64,PHN2ZyB3aWR0aD0iMSIgaGVpZ2h0PSIxIiB4bWxucz0iaHR0cDovL3d3dy53My5vcmcvMjAwMC9zdmciPjwvc3ZnPg==\" style=\"--smush-placeholder-width: 630px; --smush-placeholder-aspect-ratio: 630\/630;\" \/><\/figure>\n\n\n\n<figure class=\"wp-block-image size-full\"><img decoding=\"async\" width=\"630\" height=\"630\" data-attachment-id=\"109472\" data-permalink=\"https:\/\/eldiariodesanpedro.com.ar\/sitio\/conferencia-de-prensa-informativa-sobre-la-situacion-por-los-incendios-en-islas\/whatsapp-image-2022-08-05-at-3-55-35-pm\/\" data-orig-file=\"https:\/\/eldiariodesanpedro.com.ar\/sitio\/wp-content\/uploads\/2022\/08\/WhatsApp-Image-2022-08-05-at-3.55.35-PM.jpeg\" data-orig-size=\"630,630\" data-comments-opened=\"0\" data-image-meta=\"{&quot;aperture&quot;:&quot;0&quot;,&quot;credit&quot;:&quot;&quot;,&quot;camera&quot;:&quot;&quot;,&quot;caption&quot;:&quot;&quot;,&quot;created_timestamp&quot;:&quot;0&quot;,&quot;copyright&quot;:&quot;&quot;,&quot;focal_length&quot;:&quot;0&quot;,&quot;iso&quot;:&quot;0&quot;,&quot;shutter_speed&quot;:&quot;0&quot;,&quot;title&quot;:&quot;&quot;,&quot;orientation&quot;:&quot;0&quot;}\" data-image-title=\"WhatsApp Image 2022-08-05 at 3.55.35 PM\" data-image-description=\"\" data-image-caption=\"\" data-large-file=\"https:\/\/eldiariodesanpedro.com.ar\/sitio\/wp-content\/uploads\/2022\/08\/WhatsApp-Image-2022-08-05-at-3.55.35-PM.jpeg\" data-src=\"https:\/\/eldiariodesanpedro.com.ar\/sitio\/wp-content\/uploads\/2022\/08\/WhatsApp-Image-2022-08-05-at-3.55.35-PM.jpeg\" alt=\"\" class=\"wp-image-109472 lazyload\" data-srcset=\"https:\/\/eldiariodesanpedro.com.ar\/sitio\/wp-content\/uploads\/2022\/08\/WhatsApp-Image-2022-08-05-at-3.55.35-PM.jpeg 630w, https:\/\/eldiariodesanpedro.com.ar\/sitio\/wp-content\/uploads\/2022\/08\/WhatsApp-Image-2022-08-05-at-3.55.35-PM-300x300.jpeg 300w, https:\/\/eldiariodesanpedro.com.ar\/sitio\/wp-content\/uploads\/2022\/08\/WhatsApp-Image-2022-08-05-at-3.55.35-PM-150x150.jpeg 150w\" data-sizes=\"(max-width: 630px) 100vw, 630px\" src=\"data:image\/svg+xml;base64,PHN2ZyB3aWR0aD0iMSIgaGVpZ2h0PSIxIiB4bWxucz0iaHR0cDovL3d3dy53My5vcmcvMjAwMC9zdmciPjwvc3ZnPg==\" style=\"--smush-placeholder-width: 630px; --smush-placeholder-aspect-ratio: 630\/630;\" \/><\/figure>\n\n\n\n<figure class=\"wp-block-image size-full\"><img decoding=\"async\" width=\"630\" height=\"630\" data-attachment-id=\"109473\" data-permalink=\"https:\/\/eldiariodesanpedro.com.ar\/sitio\/conferencia-de-prensa-informativa-sobre-la-situacion-por-los-incendios-en-islas\/whatsapp-image-2022-08-05-at-3-55-36-pm\/\" data-orig-file=\"https:\/\/eldiariodesanpedro.com.ar\/sitio\/wp-content\/uploads\/2022\/08\/WhatsApp-Image-2022-08-05-at-3.55.36-PM.jpeg\" data-orig-size=\"630,630\" data-comments-opened=\"0\" data-image-meta=\"{&quot;aperture&quot;:&quot;0&quot;,&quot;credit&quot;:&quot;&quot;,&quot;camera&quot;:&quot;&quot;,&quot;caption&quot;:&quot;&quot;,&quot;created_timestamp&quot;:&quot;0&quot;,&quot;copyright&quot;:&quot;&quot;,&quot;focal_length&quot;:&quot;0&quot;,&quot;iso&quot;:&quot;0&quot;,&quot;shutter_speed&quot;:&quot;0&quot;,&quot;title&quot;:&quot;&quot;,&quot;orientation&quot;:&quot;0&quot;}\" data-image-title=\"WhatsApp Image 2022-08-05 at 3.55.36 PM\" data-image-description=\"\" data-image-caption=\"\" data-large-file=\"https:\/\/eldiariodesanpedro.com.ar\/sitio\/wp-content\/uploads\/2022\/08\/WhatsApp-Image-2022-08-05-at-3.55.36-PM.jpeg\" data-src=\"https:\/\/eldiariodesanpedro.com.ar\/sitio\/wp-content\/uploads\/2022\/08\/WhatsApp-Image-2022-08-05-at-3.55.36-PM.jpeg\" alt=\"\" class=\"wp-image-109473 lazyload\" data-srcset=\"https:\/\/eldiariodesanpedro.com.ar\/sitio\/wp-content\/uploads\/2022\/08\/WhatsApp-Image-2022-08-05-at-3.55.36-PM.jpeg 630w, https:\/\/eldiariodesanpedro.com.ar\/sitio\/wp-content\/uploads\/2022\/08\/WhatsApp-Image-2022-08-05-at-3.55.36-PM-300x300.jpeg 300w, https:\/\/eldiariodesanpedro.com.ar\/sitio\/wp-content\/uploads\/2022\/08\/WhatsApp-Image-2022-08-05-at-3.55.36-PM-150x150.jpeg 150w\" data-sizes=\"(max-width: 630px) 100vw, 630px\" src=\"data:image\/svg+xml;base64,PHN2ZyB3aWR0aD0iMSIgaGVpZ2h0PSIxIiB4bWxucz0iaHR0cDovL3d3dy53My5vcmcvMjAwMC9zdmciPjwvc3ZnPg==\" style=\"--smush-placeholder-width: 630px; --smush-placeholder-aspect-ratio: 630\/630;\" \/><\/figure>\n","protected":false},"excerpt":{"rendered":"<p>Esta ma\u00f1ana, en la Secretar\u00eda de Desarrollo Econ\u00f3mico se llev\u00f3 a cabo una conferencia de prensa encabezada por el secretario del \u00e1rea Mart\u00edn Baraybar; el Director de Defensa Civil, Fabio Giovanettoni y el Director de Ambiente, Gustavo Sol\u00e1 en la que se realiz\u00f3 una actualizaci\u00f3n de la situaci\u00f3n provocada por los incendios en la zona [&hellip;]<\/p>\n","protected":false},"author":4,"featured_media":109469,"comment_status":"closed","ping_status":"closed","sticky":false,"template":"","format":"standard","meta":{"om_disable_all_campaigns":false,"_jetpack_memberships_contains_paid_content":false,"footnotes":""},"categories":[50,101,2],"tags":[197,696,33,19],"class_list":["post-109468","post","type-post","status-publish","format-standard","has-post-thumbnail","hentry","category-destacadas","category-interes-general-locales","category-locales","tag-buenos-aires","tag-interes-general","tag-locales","tag-san-pedro"],"aioseo_notices":[],"gutentor_comment":0,"jetpack_featured_media_url":"https:\/\/eldiariodesanpedro.com.ar\/sitio\/wp-content\/uploads\/2022\/08\/8.jpeg","jetpack_shortlink":"https:\/\/wp.me\/p6RhLt-stC","jetpack_sharing_enabled":true,"_links":{"self":[{"href":"https:\/\/eldiariodesanpedro.com.ar\/sitio\/wp-json\/wp\/v2\/posts\/109468","targetHints":{"allow":["GET"]}}],"collection":[{"href":"https:\/\/eldiariodesanpedro.com.ar\/sitio\/wp-json\/wp\/v2\/posts"}],"about":[{"href":"https:\/\/eldiariodesanpedro.com.ar\/sitio\/wp-json\/wp\/v2\/types\/post"}],"author":[{"embeddable":true,"href":"https:\/\/eldiariodesanpedro.com.ar\/sitio\/wp-json\/wp\/v2\/users\/4"}],"replies":[{"embeddable":true,"href":"https:\/\/eldiariodesanpedro.com.ar\/sitio\/wp-json\/wp\/v2\/comments?post=109468"}],"version-history":[{"count":1,"href":"https:\/\/eldiariodesanpedro.com.ar\/sitio\/wp-json\/wp\/v2\/posts\/109468\/revisions"}],"predecessor-version":[{"id":109474,"href":"https:\/\/eldiariodesanpedro.com.ar\/sitio\/wp-json\/wp\/v2\/posts\/109468\/revisions\/109474"}],"wp:featuredmedia":[{"embeddable":true,"href":"https:\/\/eldiariodesanpedro.com.ar\/sitio\/wp-json\/wp\/v2\/media\/109469"}],"wp:attachment":[{"href":"https:\/\/eldiariodesanpedro.com.ar\/sitio\/wp-json\/wp\/v2\/media?parent=109468"}],"wp:term":[{"taxonomy":"category","embeddable":true,"href":"https:\/\/eldiariodesanpedro.com.ar\/sitio\/wp-json\/wp\/v2\/categories?post=109468"},{"taxonomy":"post_tag","embeddable":true,"href":"https:\/\/eldiariodesanpedro.com.ar\/sitio\/wp-json\/wp\/v2\/tags?post=109468"}],"curies":[{"name":"wp","href":"https:\/\/api.w.org\/{rel}","templated":true}]}}