{"id":109465,"date":"2022-08-05T17:50:54","date_gmt":"2022-08-05T20:50:54","guid":{"rendered":"https:\/\/eldiariodesanpedro.com.ar\/sitio\/?p=109465"},"modified":"2022-08-05T17:50:56","modified_gmt":"2022-08-05T20:50:56","slug":"autoridades-del-hospital-recibieron-a-la-directora-del-inta-y-a-responsables-de-un-programa-de-cooperacion-japones","status":"publish","type":"post","link":"https:\/\/eldiariodesanpedro.com.ar\/sitio\/autoridades-del-hospital-recibieron-a-la-directora-del-inta-y-a-responsables-de-un-programa-de-cooperacion-japones\/","title":{"rendered":"Autoridades del Hospital recibieron a la Directora del INTA y a responsables de un programa de cooperaci\u00f3n japon\u00e9s"},"content":{"rendered":"<!-- VideographyWP Plugin Message: Automatic video embedding prevented by plugin options. -->\n\n<p>Este jueves el Director del Hospital Dr. Daniel Creus y el Director Administrativo del Hospital Roberto Borgo recibieron la visita de la Ingeniera Laura Hansen, Directora Estaci\u00f3n Experimental Agropecuaria San Pedro INTA acompa\u00f1ada de Masako Yamamoto coordinadora del programa de Voluntarios Japoneses y Claudia Shinzato responsable del \u00c1rea de Cooperaci\u00f3n T\u00e9cnica de la Agencia de Cooperaci\u00f3n Internacional del Jap\u00f3n.<\/p>\n\n\n\n<p>La Agencia de Cooperaci\u00f3n Internacional del Jap\u00f3n \u2013 JICA es una instituci\u00f3n administrativa independiente del gobierno japon\u00e9s, que tiene como objeto promover el desarrollo de sus actividades con una orientaci\u00f3n hacia el trabajo de campo, haciendo foco en la seguridad humana y adoptando un abordaje de mayor eficacia, eficiencia y celeridad.<\/p>\n\n\n\n<p>Estas acciones son llevadas adelante mediante convenios de cooperaci\u00f3n t\u00e9cnica e investigaci\u00f3n y es una de las agencias de asistencia bilateral m\u00e1s grande del mundo que trabaja en m\u00e1s de 150 pa\u00edses con 96 representaciones en el exterior, dentro de las cuales se encuentra nuestro pa\u00eds.<\/p>\n\n\n\n<p>En la reuni\u00f3n recibieron informaci\u00f3n desde el Hospital con relaci\u00f3n a la capacidad de atenci\u00f3n para voluntarios de este pa\u00eds que desarrollar\u00e1n actividades en la EEA de San Pedro en proyectos de asistencia t\u00e9cnica e investigaci\u00f3n.<\/p>\n\n\n\n<p>Las autoridades del Hospital tomaron conocimiento de los programas relacionados a Atenci\u00f3n Medica, Atenci\u00f3n de Salud y Bienestar Social que la Agencia dispone con el objeto de analizar un proyecto en el \u00c1rea de la Secretaria de Salud del Municipio.<\/p>\n","protected":false},"excerpt":{"rendered":"<p>Este jueves el Director del Hospital Dr. Daniel Creus y el Director Administrativo del Hospital Roberto Borgo recibieron la visita de la Ingeniera Laura Hansen, Directora Estaci\u00f3n Experimental Agropecuaria San Pedro INTA acompa\u00f1ada de Masako Yamamoto coordinadora del programa de Voluntarios Japoneses y Claudia Shinzato responsable del \u00c1rea de Cooperaci\u00f3n T\u00e9cnica de la Agencia de [&hellip;]<\/p>\n","protected":false},"author":4,"featured_media":109466,"comment_status":"closed","ping_status":"closed","sticky":false,"template":"","format":"standard","meta":{"om_disable_all_campaigns":false,"_jetpack_memberships_contains_paid_content":false,"footnotes":""},"categories":[50,101,2],"tags":[],"class_list":["post-109465","post","type-post","status-publish","format-standard","has-post-thumbnail","hentry","category-destacadas","category-interes-general-locales","category-locales"],"aioseo_notices":[],"gutentor_comment":0,"jetpack_featured_media_url":"https:\/\/eldiariodesanpedro.com.ar\/sitio\/wp-content\/uploads\/2022\/08\/WhatsApp-Image-2022-08-05-at-7.45.37-AM.jpeg","jetpack_shortlink":"https:\/\/wp.me\/p6RhLt-stz","jetpack_sharing_enabled":true,"_links":{"self":[{"href":"https:\/\/eldiariodesanpedro.com.ar\/sitio\/wp-json\/wp\/v2\/posts\/109465","targetHints":{"allow":["GET"]}}],"collection":[{"href":"https:\/\/eldiariodesanpedro.com.ar\/sitio\/wp-json\/wp\/v2\/posts"}],"about":[{"href":"https:\/\/eldiariodesanpedro.com.ar\/sitio\/wp-json\/wp\/v2\/types\/post"}],"author":[{"embeddable":true,"href":"https:\/\/eldiariodesanpedro.com.ar\/sitio\/wp-json\/wp\/v2\/users\/4"}],"replies":[{"embeddable":true,"href":"https:\/\/eldiariodesanpedro.com.ar\/sitio\/wp-json\/wp\/v2\/comments?post=109465"}],"version-history":[{"count":1,"href":"https:\/\/eldiariodesanpedro.com.ar\/sitio\/wp-json\/wp\/v2\/posts\/109465\/revisions"}],"predecessor-version":[{"id":109467,"href":"https:\/\/eldiariodesanpedro.com.ar\/sitio\/wp-json\/wp\/v2\/posts\/109465\/revisions\/109467"}],"wp:featuredmedia":[{"embeddable":true,"href":"https:\/\/eldiariodesanpedro.com.ar\/sitio\/wp-json\/wp\/v2\/media\/109466"}],"wp:attachment":[{"href":"https:\/\/eldiariodesanpedro.com.ar\/sitio\/wp-json\/wp\/v2\/media?parent=109465"}],"wp:term":[{"taxonomy":"category","embeddable":true,"href":"https:\/\/eldiariodesanpedro.com.ar\/sitio\/wp-json\/wp\/v2\/categories?post=109465"},{"taxonomy":"post_tag","embeddable":true,"href":"https:\/\/eldiariodesanpedro.com.ar\/sitio\/wp-json\/wp\/v2\/tags?post=109465"}],"curies":[{"name":"wp","href":"https:\/\/api.w.org\/{rel}","templated":true}]}}