{"id":109460,"date":"2022-08-05T17:49:07","date_gmt":"2022-08-05T20:49:07","guid":{"rendered":"https:\/\/eldiariodesanpedro.com.ar\/sitio\/?p=109460"},"modified":"2022-08-05T17:49:08","modified_gmt":"2022-08-05T20:49:08","slug":"primera-reunion-por-el-fondo-de-obras-publicas","status":"publish","type":"post","link":"https:\/\/eldiariodesanpedro.com.ar\/sitio\/primera-reunion-por-el-fondo-de-obras-publicas\/","title":{"rendered":"Primera reuni\u00f3n por el Fondo de Obras P\u00fablicas"},"content":{"rendered":"<!-- VideographyWP Plugin Message: Automatic video embedding prevented by plugin options. -->\n\n<p>En la tarde de este jueves se llev\u00f3 a cabo la primera reuni\u00f3n entre el Gobierno Municipal que encabeza el Dr. Ram\u00f3n Salazar y los vecinos de la ciudad, en un encuentro coordinado a trav\u00e9s de la Direcci\u00f3n de Comisiones de Fomento, en la que se recibieron las distintas solicitudes para hacer uso del dinero dispuesto a trav\u00e9s del Fondo de Obras P\u00fablicas (FOP).<\/p>\n\n\n\n<p>Esta primera reuni\u00f3n, que forma parte de una serie de encuentros que se realizar\u00e1n en los diferentes barrios del Partido de San Pedro, se desarroll\u00f3 con la comisi\u00f3n de Fomento del barrio Parque Mitre para atender las propuestas y necesidades del lugar.<\/p>\n\n\n\n<p>El encuentro fue encabezado por el Intendente Ram\u00f3n Salazar y los secretarios Javier Silva, de Obras, Planeamiento y Catastro y Ariel \u00c1lvarez, de Servicios P\u00fablicos y cont\u00f3 con la participaci\u00f3n de gran parte del equipo de gobierno.<\/p>\n\n\n\n<p>Dentro de los temas tratados se destaca la utilizaci\u00f3n del FOP para la construcci\u00f3n de cord\u00f3n cuneta ante la programada ejecuci\u00f3n del Plan de Pavimentaci\u00f3n gestionado ante el Ministro de Infraestructura de la Provincia de Buenos Aires, Leonardo Nardini, aunque se abordaron diferentes tem\u00e1ticas fuera del eje propuesto ante la posibilidad de los vecinos y vecinas de conversar de manera productiva con el Jefe Comunal.<\/p>\n\n\n\n<p>Desde la Municipalidad de San Pedro se agradece a los vecinos del barrio Parque Mitre por la participaci\u00f3n y la buena predisposici\u00f3n para trabajar conjuntamente en b\u00fasqueda de mejorar las condiciones del barrio.<\/p>\n\n\n\n<figure class=\"wp-block-image size-large\"><img decoding=\"async\" width=\"1024\" height=\"577\" data-attachment-id=\"109461\" data-permalink=\"https:\/\/eldiariodesanpedro.com.ar\/sitio\/primera-reunion-por-el-fondo-de-obras-publicas\/whatsapp-image-2022-08-04-at-10-35-01-pm-1\/\" data-orig-file=\"https:\/\/eldiariodesanpedro.com.ar\/sitio\/wp-content\/uploads\/2022\/08\/WhatsApp-Image-2022-08-04-at-10.35.01-PM-1.jpeg\" data-orig-size=\"1118,630\" data-comments-opened=\"0\" data-image-meta=\"{&quot;aperture&quot;:&quot;0&quot;,&quot;credit&quot;:&quot;&quot;,&quot;camera&quot;:&quot;&quot;,&quot;caption&quot;:&quot;&quot;,&quot;created_timestamp&quot;:&quot;0&quot;,&quot;copyright&quot;:&quot;&quot;,&quot;focal_length&quot;:&quot;0&quot;,&quot;iso&quot;:&quot;0&quot;,&quot;shutter_speed&quot;:&quot;0&quot;,&quot;title&quot;:&quot;&quot;,&quot;orientation&quot;:&quot;0&quot;}\" data-image-title=\"WhatsApp Image 2022-08-04 at 10.35.01 PM (1)\" data-image-description=\"\" data-image-caption=\"\" data-large-file=\"https:\/\/eldiariodesanpedro.com.ar\/sitio\/wp-content\/uploads\/2022\/08\/WhatsApp-Image-2022-08-04-at-10.35.01-PM-1-1024x577.jpeg\" data-src=\"https:\/\/eldiariodesanpedro.com.ar\/sitio\/wp-content\/uploads\/2022\/08\/WhatsApp-Image-2022-08-04-at-10.35.01-PM-1-1024x577.jpeg\" alt=\"\" class=\"wp-image-109461 lazyload\" data-srcset=\"https:\/\/eldiariodesanpedro.com.ar\/sitio\/wp-content\/uploads\/2022\/08\/WhatsApp-Image-2022-08-04-at-10.35.01-PM-1-1024x577.jpeg 1024w, https:\/\/eldiariodesanpedro.com.ar\/sitio\/wp-content\/uploads\/2022\/08\/WhatsApp-Image-2022-08-04-at-10.35.01-PM-1-300x169.jpeg 300w, https:\/\/eldiariodesanpedro.com.ar\/sitio\/wp-content\/uploads\/2022\/08\/WhatsApp-Image-2022-08-04-at-10.35.01-PM-1-768x433.jpeg 768w, https:\/\/eldiariodesanpedro.com.ar\/sitio\/wp-content\/uploads\/2022\/08\/WhatsApp-Image-2022-08-04-at-10.35.01-PM-1.jpeg 1118w\" data-sizes=\"(max-width: 1024px) 100vw, 1024px\" src=\"data:image\/svg+xml;base64,PHN2ZyB3aWR0aD0iMSIgaGVpZ2h0PSIxIiB4bWxucz0iaHR0cDovL3d3dy53My5vcmcvMjAwMC9zdmciPjwvc3ZnPg==\" style=\"--smush-placeholder-width: 1024px; --smush-placeholder-aspect-ratio: 1024\/577;\" \/><\/figure>\n\n\n\n<figure class=\"wp-block-image size-large\"><img decoding=\"async\" width=\"1024\" height=\"576\" data-attachment-id=\"109463\" data-permalink=\"https:\/\/eldiariodesanpedro.com.ar\/sitio\/primera-reunion-por-el-fondo-de-obras-publicas\/whatsapp-image-2022-08-04-at-10-35-01-pm-2\/\" data-orig-file=\"https:\/\/eldiariodesanpedro.com.ar\/sitio\/wp-content\/uploads\/2022\/08\/WhatsApp-Image-2022-08-04-at-10.35.01-PM-2.jpeg\" data-orig-size=\"1120,630\" data-comments-opened=\"0\" data-image-meta=\"{&quot;aperture&quot;:&quot;0&quot;,&quot;credit&quot;:&quot;&quot;,&quot;camera&quot;:&quot;&quot;,&quot;caption&quot;:&quot;&quot;,&quot;created_timestamp&quot;:&quot;0&quot;,&quot;copyright&quot;:&quot;&quot;,&quot;focal_length&quot;:&quot;0&quot;,&quot;iso&quot;:&quot;0&quot;,&quot;shutter_speed&quot;:&quot;0&quot;,&quot;title&quot;:&quot;&quot;,&quot;orientation&quot;:&quot;0&quot;}\" data-image-title=\"WhatsApp-Image-2022-08-04-at-10.35.01-PM-2\" data-image-description=\"\" data-image-caption=\"\" data-large-file=\"https:\/\/eldiariodesanpedro.com.ar\/sitio\/wp-content\/uploads\/2022\/08\/WhatsApp-Image-2022-08-04-at-10.35.01-PM-2-1024x576.jpeg\" data-src=\"https:\/\/eldiariodesanpedro.com.ar\/sitio\/wp-content\/uploads\/2022\/08\/WhatsApp-Image-2022-08-04-at-10.35.01-PM-2-1024x576.jpeg\" alt=\"\" class=\"wp-image-109463 lazyload\" data-srcset=\"https:\/\/eldiariodesanpedro.com.ar\/sitio\/wp-content\/uploads\/2022\/08\/WhatsApp-Image-2022-08-04-at-10.35.01-PM-2-1024x576.jpeg 1024w, https:\/\/eldiariodesanpedro.com.ar\/sitio\/wp-content\/uploads\/2022\/08\/WhatsApp-Image-2022-08-04-at-10.35.01-PM-2-300x169.jpeg 300w, https:\/\/eldiariodesanpedro.com.ar\/sitio\/wp-content\/uploads\/2022\/08\/WhatsApp-Image-2022-08-04-at-10.35.01-PM-2-768x432.jpeg 768w, https:\/\/eldiariodesanpedro.com.ar\/sitio\/wp-content\/uploads\/2022\/08\/WhatsApp-Image-2022-08-04-at-10.35.01-PM-2.jpeg 1120w\" data-sizes=\"(max-width: 1024px) 100vw, 1024px\" src=\"data:image\/svg+xml;base64,PHN2ZyB3aWR0aD0iMSIgaGVpZ2h0PSIxIiB4bWxucz0iaHR0cDovL3d3dy53My5vcmcvMjAwMC9zdmciPjwvc3ZnPg==\" style=\"--smush-placeholder-width: 1024px; --smush-placeholder-aspect-ratio: 1024\/576;\" \/><\/figure>\n","protected":false},"excerpt":{"rendered":"<p>En la tarde de este jueves se llev\u00f3 a cabo la primera reuni\u00f3n entre el Gobierno Municipal que encabeza el Dr. Ram\u00f3n Salazar y los vecinos de la ciudad, en un encuentro coordinado a trav\u00e9s de la Direcci\u00f3n de Comisiones de Fomento, en la que se recibieron las distintas solicitudes para hacer uso del dinero [&hellip;]<\/p>\n","protected":false},"author":4,"featured_media":109462,"comment_status":"closed","ping_status":"closed","sticky":false,"template":"","format":"standard","meta":{"om_disable_all_campaigns":false,"_jetpack_memberships_contains_paid_content":false,"footnotes":""},"categories":[50,101,2],"tags":[197,696,33,19],"class_list":["post-109460","post","type-post","status-publish","format-standard","has-post-thumbnail","hentry","category-destacadas","category-interes-general-locales","category-locales","tag-buenos-aires","tag-interes-general","tag-locales","tag-san-pedro"],"aioseo_notices":[],"gutentor_comment":0,"jetpack_featured_media_url":"https:\/\/eldiariodesanpedro.com.ar\/sitio\/wp-content\/uploads\/2022\/08\/WhatsApp-Image-2022-08-04-at-10.35.01-PM.jpeg","jetpack_shortlink":"https:\/\/wp.me\/p6RhLt-stu","jetpack_sharing_enabled":true,"_links":{"self":[{"href":"https:\/\/eldiariodesanpedro.com.ar\/sitio\/wp-json\/wp\/v2\/posts\/109460","targetHints":{"allow":["GET"]}}],"collection":[{"href":"https:\/\/eldiariodesanpedro.com.ar\/sitio\/wp-json\/wp\/v2\/posts"}],"about":[{"href":"https:\/\/eldiariodesanpedro.com.ar\/sitio\/wp-json\/wp\/v2\/types\/post"}],"author":[{"embeddable":true,"href":"https:\/\/eldiariodesanpedro.com.ar\/sitio\/wp-json\/wp\/v2\/users\/4"}],"replies":[{"embeddable":true,"href":"https:\/\/eldiariodesanpedro.com.ar\/sitio\/wp-json\/wp\/v2\/comments?post=109460"}],"version-history":[{"count":1,"href":"https:\/\/eldiariodesanpedro.com.ar\/sitio\/wp-json\/wp\/v2\/posts\/109460\/revisions"}],"predecessor-version":[{"id":109464,"href":"https:\/\/eldiariodesanpedro.com.ar\/sitio\/wp-json\/wp\/v2\/posts\/109460\/revisions\/109464"}],"wp:featuredmedia":[{"embeddable":true,"href":"https:\/\/eldiariodesanpedro.com.ar\/sitio\/wp-json\/wp\/v2\/media\/109462"}],"wp:attachment":[{"href":"https:\/\/eldiariodesanpedro.com.ar\/sitio\/wp-json\/wp\/v2\/media?parent=109460"}],"wp:term":[{"taxonomy":"category","embeddable":true,"href":"https:\/\/eldiariodesanpedro.com.ar\/sitio\/wp-json\/wp\/v2\/categories?post=109460"},{"taxonomy":"post_tag","embeddable":true,"href":"https:\/\/eldiariodesanpedro.com.ar\/sitio\/wp-json\/wp\/v2\/tags?post=109460"}],"curies":[{"name":"wp","href":"https:\/\/api.w.org\/{rel}","templated":true}]}}