{"id":109458,"date":"2022-08-05T17:41:48","date_gmt":"2022-08-05T20:41:48","guid":{"rendered":"https:\/\/eldiariodesanpedro.com.ar\/sitio\/?p=109458"},"modified":"2022-08-05T17:41:49","modified_gmt":"2022-08-05T20:41:49","slug":"se-secuestro-una-camioneta-por-falta-de-documentacion","status":"publish","type":"post","link":"https:\/\/eldiariodesanpedro.com.ar\/sitio\/se-secuestro-una-camioneta-por-falta-de-documentacion\/","title":{"rendered":"Se secuestro una camioneta por falta de documentaci\u00f3n"},"content":{"rendered":"<!-- VideographyWP Plugin Message: Automatic video embedding prevented by plugin options. -->\n\n<p>En el d\u00eda de ayer 19:15 hs el personal del destacamento de R\u00edo Tala y La Tosquera, en intersecci\u00f3n Ruta 1001 y San Martin, secuestra camioneta marca Chevrolet S10, debido a que su conductor un masculino de 30 a\u00f1os que carec\u00eda de documentaci\u00f3n.<br>Interviene Juzgado de Faltas San Pedro.<\/p>\n","protected":false},"excerpt":{"rendered":"<p>En el d\u00eda de ayer 19:15 hs el personal del destacamento de R\u00edo Tala y La Tosquera, en intersecci\u00f3n Ruta 1001 y San Martin, secuestra camioneta marca Chevrolet S10, debido a que su conductor un masculino de 30 a\u00f1os que carec\u00eda de documentaci\u00f3n.Interviene Juzgado de Faltas San Pedro.<\/p>\n","protected":false},"author":4,"featured_media":17705,"comment_status":"closed","ping_status":"closed","sticky":false,"template":"","format":"standard","meta":{"om_disable_all_campaigns":false,"_jetpack_memberships_contains_paid_content":false,"footnotes":""},"categories":[2,103],"tags":[197,33,95,19],"class_list":["post-109458","post","type-post","status-publish","format-standard","has-post-thumbnail","hentry","category-locales","category-policiales-locales","tag-buenos-aires","tag-locales","tag-policiales","tag-san-pedro"],"aioseo_notices":[],"gutentor_comment":0,"jetpack_featured_media_url":"https:\/\/eldiariodesanpedro.com.ar\/sitio\/wp-content\/uploads\/2017\/04\/transito-noche.jpg","jetpack_shortlink":"https:\/\/wp.me\/p6RhLt-sts","jetpack_sharing_enabled":true,"_links":{"self":[{"href":"https:\/\/eldiariodesanpedro.com.ar\/sitio\/wp-json\/wp\/v2\/posts\/109458","targetHints":{"allow":["GET"]}}],"collection":[{"href":"https:\/\/eldiariodesanpedro.com.ar\/sitio\/wp-json\/wp\/v2\/posts"}],"about":[{"href":"https:\/\/eldiariodesanpedro.com.ar\/sitio\/wp-json\/wp\/v2\/types\/post"}],"author":[{"embeddable":true,"href":"https:\/\/eldiariodesanpedro.com.ar\/sitio\/wp-json\/wp\/v2\/users\/4"}],"replies":[{"embeddable":true,"href":"https:\/\/eldiariodesanpedro.com.ar\/sitio\/wp-json\/wp\/v2\/comments?post=109458"}],"version-history":[{"count":1,"href":"https:\/\/eldiariodesanpedro.com.ar\/sitio\/wp-json\/wp\/v2\/posts\/109458\/revisions"}],"predecessor-version":[{"id":109459,"href":"https:\/\/eldiariodesanpedro.com.ar\/sitio\/wp-json\/wp\/v2\/posts\/109458\/revisions\/109459"}],"wp:featuredmedia":[{"embeddable":true,"href":"https:\/\/eldiariodesanpedro.com.ar\/sitio\/wp-json\/wp\/v2\/media\/17705"}],"wp:attachment":[{"href":"https:\/\/eldiariodesanpedro.com.ar\/sitio\/wp-json\/wp\/v2\/media?parent=109458"}],"wp:term":[{"taxonomy":"category","embeddable":true,"href":"https:\/\/eldiariodesanpedro.com.ar\/sitio\/wp-json\/wp\/v2\/categories?post=109458"},{"taxonomy":"post_tag","embeddable":true,"href":"https:\/\/eldiariodesanpedro.com.ar\/sitio\/wp-json\/wp\/v2\/tags?post=109458"}],"curies":[{"name":"wp","href":"https:\/\/api.w.org\/{rel}","templated":true}]}}