{"id":109455,"date":"2022-08-05T13:46:37","date_gmt":"2022-08-05T16:46:37","guid":{"rendered":"https:\/\/eldiariodesanpedro.com.ar\/sitio\/?p=109455"},"modified":"2022-08-05T13:46:38","modified_gmt":"2022-08-05T16:46:38","slug":"medicos-de-femeba-se-suben-al-reclamo-salarial","status":"publish","type":"post","link":"https:\/\/eldiariodesanpedro.com.ar\/sitio\/medicos-de-femeba-se-suben-al-reclamo-salarial\/","title":{"rendered":"M\u00e9dicos de FEMEBA se suben al reclamo salarial"},"content":{"rendered":"<!-- VideographyWP Plugin Message: Automatic video embedding prevented by plugin options. -->\n\n<p>Desde la FEMEBA lanzaron un petitorio con tres reclamos que incluyen aumento salarial, actualizaci\u00f3n de aranceles y beneficios impositivos.<\/p>\n\n\n\n<p>A los reclamos de sectores de la salud que realizaron un paro por 24 horas en la Provincia, se sumaron desde la\u00a0<strong>Federaci\u00f3n M\u00e9dica bonaerense (FEMEBA)<\/strong>\u00a0que nuclea a un universo cercano a los 10 mil profesionales de la salud y que lanzaron un petitorio destinado al Estado,\u00a0obras sociales\u00a0y prepagas.<\/p>\n\n\n\n<p>Los puntos que incluye el reclamo de FEMEBA incluyen la&nbsp;<strong>recomposici\u00f3n salarial<\/strong>&nbsp;en todos los hospitales p\u00fablicos de la provincia de Buenos Aires,<strong>&nbsp;urgente actualizaci\u00f3n de los aranceles&nbsp;<\/strong>de las obras sociales y prepagas, adecu\u00e1ndolos a la inflaci\u00f3n proyectada y<strong>&nbsp;disminuci\u00f3n de la presi\u00f3n impositiva<\/strong>&nbsp;ejercida por la provincia y la naci\u00f3n.<\/p>\n\n\n\n<p><a href=\"https:\/\/media.infocielo.com\/p\/7addc42bc4aeddb50c4a316793b20443\/adjuntos\/299\/imagenes\/001\/344\/0001344914\/887x0\/smart\/trabajadores-saludjpg.jpg\"><\/a><\/p>\n","protected":false},"excerpt":{"rendered":"<p>Desde la FEMEBA lanzaron un petitorio con tres reclamos que incluyen aumento salarial, actualizaci\u00f3n de aranceles y beneficios impositivos. A los reclamos de sectores de la salud que realizaron un paro por 24 horas en la Provincia, se sumaron desde la\u00a0Federaci\u00f3n M\u00e9dica bonaerense (FEMEBA)\u00a0que nuclea a un universo cercano a los 10 mil profesionales de [&hellip;]<\/p>\n","protected":false},"author":4,"featured_media":109456,"comment_status":"closed","ping_status":"closed","sticky":false,"template":"","format":"standard","meta":{"om_disable_all_campaigns":false,"_jetpack_memberships_contains_paid_content":false,"footnotes":""},"categories":[101,2],"tags":[197,696,33,19],"class_list":["post-109455","post","type-post","status-publish","format-standard","has-post-thumbnail","hentry","category-interes-general-locales","category-locales","tag-buenos-aires","tag-interes-general","tag-locales","tag-san-pedro"],"aioseo_notices":[],"gutentor_comment":0,"jetpack_featured_media_url":"https:\/\/eldiariodesanpedro.com.ar\/sitio\/wp-content\/uploads\/2022\/08\/medida-6.png","jetpack_shortlink":"https:\/\/wp.me\/p6RhLt-stp","jetpack_sharing_enabled":true,"_links":{"self":[{"href":"https:\/\/eldiariodesanpedro.com.ar\/sitio\/wp-json\/wp\/v2\/posts\/109455","targetHints":{"allow":["GET"]}}],"collection":[{"href":"https:\/\/eldiariodesanpedro.com.ar\/sitio\/wp-json\/wp\/v2\/posts"}],"about":[{"href":"https:\/\/eldiariodesanpedro.com.ar\/sitio\/wp-json\/wp\/v2\/types\/post"}],"author":[{"embeddable":true,"href":"https:\/\/eldiariodesanpedro.com.ar\/sitio\/wp-json\/wp\/v2\/users\/4"}],"replies":[{"embeddable":true,"href":"https:\/\/eldiariodesanpedro.com.ar\/sitio\/wp-json\/wp\/v2\/comments?post=109455"}],"version-history":[{"count":1,"href":"https:\/\/eldiariodesanpedro.com.ar\/sitio\/wp-json\/wp\/v2\/posts\/109455\/revisions"}],"predecessor-version":[{"id":109457,"href":"https:\/\/eldiariodesanpedro.com.ar\/sitio\/wp-json\/wp\/v2\/posts\/109455\/revisions\/109457"}],"wp:featuredmedia":[{"embeddable":true,"href":"https:\/\/eldiariodesanpedro.com.ar\/sitio\/wp-json\/wp\/v2\/media\/109456"}],"wp:attachment":[{"href":"https:\/\/eldiariodesanpedro.com.ar\/sitio\/wp-json\/wp\/v2\/media?parent=109455"}],"wp:term":[{"taxonomy":"category","embeddable":true,"href":"https:\/\/eldiariodesanpedro.com.ar\/sitio\/wp-json\/wp\/v2\/categories?post=109455"},{"taxonomy":"post_tag","embeddable":true,"href":"https:\/\/eldiariodesanpedro.com.ar\/sitio\/wp-json\/wp\/v2\/tags?post=109455"}],"curies":[{"name":"wp","href":"https:\/\/api.w.org\/{rel}","templated":true}]}}